{"id":28228,"date":"2023-01-30T09:54:09","date_gmt":"2023-01-30T09:54:09","guid":{"rendered":"https:\/\/blogdorogeriogomes.com.br\/?p=28228"},"modified":"2023-01-30T12:56:02","modified_gmt":"2023-01-30T12:56:02","slug":"lula-fortalece-relacoes-exteriores-do-governo-e-busca-novos-investimentos-para-o-pais","status":"publish","type":"post","link":"https:\/\/blogdorogeriogomes.com.br\/noticias\/2023\/01\/lula-fortalece-relacoes-exteriores-do-governo-e-busca-novos-investimentos-para-o-pais\/","title":{"rendered":"Lula fortalece rela\u00e7\u00f5es exteriores do Governo e busca novos investimentos para o Pa\u00eds"},"content":{"rendered":"\n<p>Os \u00faltimos movimentos do presidente Lula (PT) em fortalecer as rela\u00e7\u00f5es exteriores abre novas perspectivas de investimento estrangeiro para o Brasil. A recente viagem a Argentina e ao Uruguai reabriu negocia\u00e7\u00f5es com pa\u00edses vizinhos.<\/p>\n\n\n\n<p>A ministra alem\u00e3 da Coopera\u00e7\u00e3o Econ\u00f4mica e do Desenvolvimento, Svenja Schulze, disse que o pa\u00eds quer &#8220;um programa imediato para os cem primeiros dias de governo&#8221; Lula, dispondo de mais de R$ 1 bilh\u00e3o para o Fundo Amaz\u00f4nia.<\/p>\n\n\n\n<p>Em conversa com o presidente da Fran\u00e7a, Emmanuel Macron, Lula reafirmou que o Brasil n\u00e3o far\u00e1 parte das opera\u00e7\u00f5es de guerra contra a R\u00fassia, mas que est\u00e1 disposto a se engajar de forma ativa na busca pela paz. O presidente brasileiro deixou claro que sua guerra \u00e9, hoje, contra a pobreza.<\/p>\n\n\n\n<p>Ainda nesse primeiro semestre, Lula deve se reunir com ao menos seis chefes de Estado: Emmanuel Macron (Fran\u00e7a); Joe Biden (Estados Unidos); Marcelo Rebelo de Sousa (Portugal); Olaf Scholz (Alemanha); Pedro S\u00e1nchez (Espanha); e Xi Jinping (China). Nesta segunda-feira, dia 30 de janeiro, o Lula receber\u00e1, no Pal\u00e1cio do Planalto, o primeiro-ministro alem\u00e3o, Olaf Scholz.<\/p>\n\n\n\n<figure class=\"wp-block-image size-full\"><img loading=\"lazy\" decoding=\"async\" width=\"1024\" height=\"613\" src=\"https:\/\/blogdorogeriogomes.com.br\/wp-content\/uploads\/2023\/01\/IMG-20230130-WA0006.jpg\" alt=\"\" class=\"wp-image-28229\" srcset=\"https:\/\/blogdorogeriogomes.com.br\/noticias\/wp-content\/uploads\/2023\/01\/IMG-20230130-WA0006.jpg 1024w, https:\/\/blogdorogeriogomes.com.br\/noticias\/wp-content\/uploads\/2023\/01\/IMG-20230130-WA0006-300x180.jpg 300w, https:\/\/blogdorogeriogomes.com.br\/noticias\/wp-content\/uploads\/2023\/01\/IMG-20230130-WA0006-768x460.jpg 768w, https:\/\/blogdorogeriogomes.com.br\/noticias\/wp-content\/uploads\/2023\/01\/IMG-20230130-WA0006-800x479.jpg 800w\" sizes=\"auto, (max-width: 1024px) 100vw, 1024px\" \/><\/figure>\n","protected":false},"excerpt":{"rendered":"<p>Os \u00faltimos movimentos do presidente Lula (PT) em fortalecer as rela\u00e7\u00f5es exteriores abre novas perspectivas de investimento estrangeiro para o Brasil. A recente viagem a Argentina e ao Uruguai reabriu negocia\u00e7\u00f5es com pa\u00edses vizinhos. A ministra alem\u00e3 da Coopera\u00e7\u00e3o Econ\u00f4mica e do Desenvolvimento, Svenja Schulze, disse que o pa\u00eds quer &#8220;um programa imediato para os cem primeiros dias de governo&#8221; Lula, dispondo de mais de R$ 1 bilh\u00e3o para o Fundo Amaz\u00f4nia. Em conversa com o presidente da Fran\u00e7a,&hellip;<\/p>\n","protected":false},"author":1,"featured_media":28229,"comment_status":"open","ping_status":"open","sticky":false,"template":"","format":"standard","meta":{"footnotes":""},"categories":[1],"tags":[],"class_list":["post-28228","post","type-post","status-publish","format-standard","has-post-thumbnail","hentry","category-noticias"],"_links":{"self":[{"href":"https:\/\/blogdorogeriogomes.com.br\/noticias\/wp-json\/wp\/v2\/posts\/28228","targetHints":{"allow":["GET"]}}],"collection":[{"href":"https:\/\/blogdorogeriogomes.com.br\/noticias\/wp-json\/wp\/v2\/posts"}],"about":[{"href":"https:\/\/blogdorogeriogomes.com.br\/noticias\/wp-json\/wp\/v2\/types\/post"}],"author":[{"embeddable":true,"href":"https:\/\/blogdorogeriogomes.com.br\/noticias\/wp-json\/wp\/v2\/users\/1"}],"replies":[{"embeddable":true,"href":"https:\/\/blogdorogeriogomes.com.br\/noticias\/wp-json\/wp\/v2\/comments?post=28228"}],"version-history":[{"count":1,"href":"https:\/\/blogdorogeriogomes.com.br\/noticias\/wp-json\/wp\/v2\/posts\/28228\/revisions"}],"predecessor-version":[{"id":28230,"href":"https:\/\/blogdorogeriogomes.com.br\/noticias\/wp-json\/wp\/v2\/posts\/28228\/revisions\/28230"}],"wp:featuredmedia":[{"embeddable":true,"href":"https:\/\/blogdorogeriogomes.com.br\/noticias\/wp-json\/wp\/v2\/media\/28229"}],"wp:attachment":[{"href":"https:\/\/blogdorogeriogomes.com.br\/noticias\/wp-json\/wp\/v2\/media?parent=28228"}],"wp:term":[{"taxonomy":"category","embeddable":true,"href":"https:\/\/blogdorogeriogomes.com.br\/noticias\/wp-json\/wp\/v2\/categories?post=28228"},{"taxonomy":"post_tag","embeddable":true,"href":"https:\/\/blogdorogeriogomes.com.br\/noticias\/wp-json\/wp\/v2\/tags?post=28228"}],"curies":[{"name":"wp","href":"https:\/\/api.w.org\/{rel}","templated":true}]}}