{"id":28232,"date":"2023-01-30T15:06:22","date_gmt":"2023-01-30T15:06:22","guid":{"rendered":"https:\/\/blogdorogeriogomes.com.br\/?p=28232"},"modified":"2023-01-31T11:51:38","modified_gmt":"2023-01-31T11:51:38","slug":"lojistas-se-reunem-com-secretario-da-sspds-para-discutir-reforco-da-seguranca-no-centro-de-fortaleza","status":"publish","type":"post","link":"https:\/\/blogdorogeriogomes.com.br\/noticias\/2023\/01\/lojistas-se-reunem-com-secretario-da-sspds-para-discutir-reforco-da-seguranca-no-centro-de-fortaleza\/","title":{"rendered":"Lojistas se re\u00fanem com secret\u00e1rio da SSPDS para discutir refor\u00e7o da seguran\u00e7a no Centro de Fortaleza"},"content":{"rendered":"\n<p>O novo secret\u00e1rio de Seguran\u00e7a P\u00fablica e Defesa Social, Samuel Elanio, participou de um caf\u00e9 da manh\u00e3 com a diretoria da C\u00e2mara de Dirigentes Lojistas de Fortaleza, nesta segunda-feira, dia 30 de janeiro. Em pauta, o refor\u00e7o na seguran\u00e7a do Centro da Capital.<br>Samuel El\u00e2nio ouviu a demanda dos lojistas. Nos \u00faltimos anos, o policiamento vem sendo refor\u00e7ado no Centro de Fortaleza, principalmente, nos per\u00edodos de maior movimento do com\u00e9rcio.<br>Uso de c\u00e2mera de vigil\u00e2ncia, refor\u00e7o no policiamento, a\u00e7\u00f5es preventivas a serem realizadas na \u00e1rea central de Fortaleza e nas imedia\u00e7\u00f5es dos shopping centers, corredores comerciais e ag\u00eancias banc\u00e1rias, especialmente por parte da PM, s\u00e3o pontos j\u00e1 reivindicados pela CDL nos \u00faltimos anos.<br>Na avalia\u00e7\u00e3o dos lojistas, quanto mais o consumidor se sentir seguro, mais ele vai ao Centro para comprar. Com mais vendas, \u00e9 poss\u00edvel gerar mais empregos.<br>O policiamento ostensivo em Fortaleza e no interior foi refor\u00e7ado com a posse de mais 2.400 policiais militares este ano. Assim, o secret\u00e1rio de Seguran\u00e7a P\u00fablica, Samuel Elanio, diz ser necess\u00e1rio continuar investindo em estrat\u00e9gia.<\/p>\n\n\n\n<figure class=\"wp-block-image size-large\"><img loading=\"lazy\" decoding=\"async\" width=\"1024\" height=\"768\" src=\"https:\/\/blogdorogeriogomes.com.br\/wp-content\/uploads\/2023\/01\/IMG_20230130_091101405-1024x768.jpg\" alt=\"\" class=\"wp-image-28233\" srcset=\"https:\/\/blogdorogeriogomes.com.br\/noticias\/wp-content\/uploads\/2023\/01\/IMG_20230130_091101405-1024x768.jpg 1024w, https:\/\/blogdorogeriogomes.com.br\/noticias\/wp-content\/uploads\/2023\/01\/IMG_20230130_091101405-300x225.jpg 300w, https:\/\/blogdorogeriogomes.com.br\/noticias\/wp-content\/uploads\/2023\/01\/IMG_20230130_091101405-768x576.jpg 768w, https:\/\/blogdorogeriogomes.com.br\/noticias\/wp-content\/uploads\/2023\/01\/IMG_20230130_091101405-1536x1152.jpg 1536w, https:\/\/blogdorogeriogomes.com.br\/noticias\/wp-content\/uploads\/2023\/01\/IMG_20230130_091101405-2048x1536.jpg 2048w, https:\/\/blogdorogeriogomes.com.br\/noticias\/wp-content\/uploads\/2023\/01\/IMG_20230130_091101405-800x600.jpg 800w, https:\/\/blogdorogeriogomes.com.br\/noticias\/wp-content\/uploads\/2023\/01\/IMG_20230130_091101405-400x300.jpg 400w\" sizes=\"auto, (max-width: 1024px) 100vw, 1024px\" \/><\/figure>\n","protected":false},"excerpt":{"rendered":"<p>O novo secret\u00e1rio de Seguran\u00e7a P\u00fablica e Defesa Social, Samuel Elanio, participou de um caf\u00e9 da manh\u00e3 com a diretoria da C\u00e2mara de Dirigentes Lojistas de Fortaleza, nesta segunda-feira, dia 30 de janeiro. Em pauta, o refor\u00e7o na seguran\u00e7a do Centro da Capital.Samuel El\u00e2nio ouviu a demanda dos lojistas. Nos \u00faltimos anos, o policiamento vem sendo refor\u00e7ado no Centro de Fortaleza, principalmente, nos per\u00edodos de maior movimento do com\u00e9rcio.Uso de c\u00e2mera de vigil\u00e2ncia, refor\u00e7o no policiamento, a\u00e7\u00f5es preventivas a&hellip;<\/p>\n","protected":false},"author":1,"featured_media":28233,"comment_status":"open","ping_status":"open","sticky":false,"template":"","format":"standard","meta":{"footnotes":""},"categories":[1],"tags":[],"class_list":["post-28232","post","type-post","status-publish","format-standard","has-post-thumbnail","hentry","category-noticias"],"_links":{"self":[{"href":"https:\/\/blogdorogeriogomes.com.br\/noticias\/wp-json\/wp\/v2\/posts\/28232","targetHints":{"allow":["GET"]}}],"collection":[{"href":"https:\/\/blogdorogeriogomes.com.br\/noticias\/wp-json\/wp\/v2\/posts"}],"about":[{"href":"https:\/\/blogdorogeriogomes.com.br\/noticias\/wp-json\/wp\/v2\/types\/post"}],"author":[{"embeddable":true,"href":"https:\/\/blogdorogeriogomes.com.br\/noticias\/wp-json\/wp\/v2\/users\/1"}],"replies":[{"embeddable":true,"href":"https:\/\/blogdorogeriogomes.com.br\/noticias\/wp-json\/wp\/v2\/comments?post=28232"}],"version-history":[{"count":1,"href":"https:\/\/blogdorogeriogomes.com.br\/noticias\/wp-json\/wp\/v2\/posts\/28232\/revisions"}],"predecessor-version":[{"id":28234,"href":"https:\/\/blogdorogeriogomes.com.br\/noticias\/wp-json\/wp\/v2\/posts\/28232\/revisions\/28234"}],"wp:featuredmedia":[{"embeddable":true,"href":"https:\/\/blogdorogeriogomes.com.br\/noticias\/wp-json\/wp\/v2\/media\/28233"}],"wp:attachment":[{"href":"https:\/\/blogdorogeriogomes.com.br\/noticias\/wp-json\/wp\/v2\/media?parent=28232"}],"wp:term":[{"taxonomy":"category","embeddable":true,"href":"https:\/\/blogdorogeriogomes.com.br\/noticias\/wp-json\/wp\/v2\/categories?post=28232"},{"taxonomy":"post_tag","embeddable":true,"href":"https:\/\/blogdorogeriogomes.com.br\/noticias\/wp-json\/wp\/v2\/tags?post=28232"}],"curies":[{"name":"wp","href":"https:\/\/api.w.org\/{rel}","templated":true}]}}