{"id":28235,"date":"2023-01-30T21:14:13","date_gmt":"2023-01-30T21:14:13","guid":{"rendered":"https:\/\/blogdorogeriogomes.com.br\/?p=28235"},"modified":"2023-01-31T11:51:26","modified_gmt":"2023-01-31T11:51:26","slug":"professores-do-ceara-comecam-a-receber-dinheiro-dos-precatorios-do-fundef-nesta-quarta-feira","status":"publish","type":"post","link":"https:\/\/blogdorogeriogomes.com.br\/noticias\/2023\/01\/professores-do-ceara-comecam-a-receber-dinheiro-dos-precatorios-do-fundef-nesta-quarta-feira\/","title":{"rendered":"Professores do Cear\u00e1 come\u00e7am a receber dinheiro dos precat\u00f3rios do Fundef nesta quarta-feira"},"content":{"rendered":"\n<p>O pagamento dos precat\u00f3rios do Fundo de Manuten\u00e7\u00e3o e Desenvolvimento do Ensino Fundamental e de Valoriza\u00e7\u00e3o do Magist\u00e9rio (Fundef) come\u00e7a a ser feito nesta quarta-feira, dia 1\u00ba de fevereiro, pela Secretaria da Educa\u00e7\u00e3o (Seduc). S\u00e3o R$ 745 milh\u00f5es de rateio para docentes da rede estadual que estavam em atividade entre agosto de 1998 e dezembro de 2006.<\/p>\n\n\n\n<p>Os professores que t\u00eam v\u00ednculo com o Estado (ativos, aposentados ou com contrato tempor\u00e1rio) receber\u00e3o o benef\u00edcio direto na folha de pagamento, junto com o sal\u00e1rio de fevereiro.<\/p>\n\n\n\n<p>Cerca de 50.200 servidores p\u00fablicos ser\u00e3o beneficiados. O valor a ser pago nesta quarta-feira \u00e9 referente \u00e0 primeira parcela do benef\u00edcio. A segunda parcela est\u00e1 prevista para o pagamento ainda em 2023 e a terceira para 2024.<\/p>\n\n\n\n<figure class=\"wp-block-image size-full\"><img loading=\"lazy\" decoding=\"async\" width=\"750\" height=\"500\" src=\"https:\/\/blogdorogeriogomes.com.br\/wp-content\/uploads\/2023\/01\/1_thaismesquita_seduc01-14436514.jpg\" alt=\"\" class=\"wp-image-28236\" srcset=\"https:\/\/blogdorogeriogomes.com.br\/noticias\/wp-content\/uploads\/2023\/01\/1_thaismesquita_seduc01-14436514.jpg 750w, https:\/\/blogdorogeriogomes.com.br\/noticias\/wp-content\/uploads\/2023\/01\/1_thaismesquita_seduc01-14436514-300x200.jpg 300w\" sizes=\"auto, (max-width: 750px) 100vw, 750px\" \/><\/figure>\n\n\n\n<p><br><\/p>\n","protected":false},"excerpt":{"rendered":"<p>O pagamento dos precat\u00f3rios do Fundo de Manuten\u00e7\u00e3o e Desenvolvimento do Ensino Fundamental e de Valoriza\u00e7\u00e3o do Magist\u00e9rio (Fundef) come\u00e7a a ser feito nesta quarta-feira, dia 1\u00ba de fevereiro, pela Secretaria da Educa\u00e7\u00e3o (Seduc). S\u00e3o R$ 745 milh\u00f5es de rateio para docentes da rede estadual que estavam em atividade entre agosto de 1998 e dezembro de 2006. Os professores que t\u00eam v\u00ednculo com o Estado (ativos, aposentados ou com contrato tempor\u00e1rio) receber\u00e3o o benef\u00edcio direto na folha de pagamento,&hellip;<\/p>\n","protected":false},"author":1,"featured_media":28236,"comment_status":"open","ping_status":"open","sticky":false,"template":"","format":"standard","meta":{"footnotes":""},"categories":[1],"tags":[],"class_list":["post-28235","post","type-post","status-publish","format-standard","has-post-thumbnail","hentry","category-noticias"],"_links":{"self":[{"href":"https:\/\/blogdorogeriogomes.com.br\/noticias\/wp-json\/wp\/v2\/posts\/28235","targetHints":{"allow":["GET"]}}],"collection":[{"href":"https:\/\/blogdorogeriogomes.com.br\/noticias\/wp-json\/wp\/v2\/posts"}],"about":[{"href":"https:\/\/blogdorogeriogomes.com.br\/noticias\/wp-json\/wp\/v2\/types\/post"}],"author":[{"embeddable":true,"href":"https:\/\/blogdorogeriogomes.com.br\/noticias\/wp-json\/wp\/v2\/users\/1"}],"replies":[{"embeddable":true,"href":"https:\/\/blogdorogeriogomes.com.br\/noticias\/wp-json\/wp\/v2\/comments?post=28235"}],"version-history":[{"count":1,"href":"https:\/\/blogdorogeriogomes.com.br\/noticias\/wp-json\/wp\/v2\/posts\/28235\/revisions"}],"predecessor-version":[{"id":28237,"href":"https:\/\/blogdorogeriogomes.com.br\/noticias\/wp-json\/wp\/v2\/posts\/28235\/revisions\/28237"}],"wp:featuredmedia":[{"embeddable":true,"href":"https:\/\/blogdorogeriogomes.com.br\/noticias\/wp-json\/wp\/v2\/media\/28236"}],"wp:attachment":[{"href":"https:\/\/blogdorogeriogomes.com.br\/noticias\/wp-json\/wp\/v2\/media?parent=28235"}],"wp:term":[{"taxonomy":"category","embeddable":true,"href":"https:\/\/blogdorogeriogomes.com.br\/noticias\/wp-json\/wp\/v2\/categories?post=28235"},{"taxonomy":"post_tag","embeddable":true,"href":"https:\/\/blogdorogeriogomes.com.br\/noticias\/wp-json\/wp\/v2\/tags?post=28235"}],"curies":[{"name":"wp","href":"https:\/\/api.w.org\/{rel}","templated":true}]}}