{"id":28238,"date":"2023-01-31T10:43:08","date_gmt":"2023-01-31T10:43:08","guid":{"rendered":"https:\/\/blogdorogeriogomes.com.br\/?p=28238"},"modified":"2023-01-31T11:51:19","modified_gmt":"2023-01-31T11:51:19","slug":"elmano-de-freitas-empossa-novo-comando-para-a-policia-militar-do-ceara","status":"publish","type":"post","link":"https:\/\/blogdorogeriogomes.com.br\/noticias\/2023\/01\/elmano-de-freitas-empossa-novo-comando-para-a-policia-militar-do-ceara\/","title":{"rendered":"Elmano de Freitas empossa novo comando para a Pol\u00edcia Militar do Cear\u00e1"},"content":{"rendered":"\n<p>O governador Elmano de Freitas participou, nesta segunda-feira, dia 30 de janeiro, da solenidade de transmiss\u00e3o de cargo do comandante-geral da Pol\u00edcia Militar do Cear\u00e1. A solenidade, realizada no Quartel do Comando Geral da PMCE, em Fortaleza, contou ainda com a presen\u00e7a da vice-governadora Jade Romero, da c\u00fapula da Seguran\u00e7a P\u00fablica, de oficiais e outras autoridades.<\/p>\n\n\n\n<p>O coronel Kl\u00eanio Savyo Nascimento de Sousa assumiu o comando-geral da PMCE, sucedendo o coronel PMCE M\u00e1rcio Oliveira, que estava \u00e0 frente da tropa desde setembro de 2020.<\/p>\n\n\n\n<p>O governador Elmano de Freitas, que foi recebido na solenidade com honras militares, destacou que a transmiss\u00e3o do comando-geral da PM fortalece a integra\u00e7\u00e3o entre as For\u00e7as de Seguran\u00e7a do Estado. \u201cO coronel Kl\u00eanio \u00e9 oficial com mais de 30 anos de Pol\u00edcia Militar, com uma forma\u00e7\u00e3o muito consistente em planejamento, seguran\u00e7a p\u00fablica e direito. Uma pessoa que conhece profundamente a pol\u00edcia, e estava ao lado do ex-comandante, coronel M\u00e1rcio, que tamb\u00e9m fez um bom trabalho na Pol\u00edcia Militar&#8221;, destacou.<\/p>\n\n\n\n<figure class=\"wp-block-image size-large\"><img loading=\"lazy\" decoding=\"async\" width=\"1024\" height=\"683\" src=\"https:\/\/blogdorogeriogomes.com.br\/wp-content\/uploads\/2023\/01\/230130_POSSE-COMANDO-GERAL-PMCE_JW8226-1200x800-1-1024x683.jpg\" alt=\"\" class=\"wp-image-28239\" srcset=\"https:\/\/blogdorogeriogomes.com.br\/noticias\/wp-content\/uploads\/2023\/01\/230130_POSSE-COMANDO-GERAL-PMCE_JW8226-1200x800-1-1024x683.jpg 1024w, https:\/\/blogdorogeriogomes.com.br\/noticias\/wp-content\/uploads\/2023\/01\/230130_POSSE-COMANDO-GERAL-PMCE_JW8226-1200x800-1-300x200.jpg 300w, https:\/\/blogdorogeriogomes.com.br\/noticias\/wp-content\/uploads\/2023\/01\/230130_POSSE-COMANDO-GERAL-PMCE_JW8226-1200x800-1-768x512.jpg 768w, https:\/\/blogdorogeriogomes.com.br\/noticias\/wp-content\/uploads\/2023\/01\/230130_POSSE-COMANDO-GERAL-PMCE_JW8226-1200x800-1-800x533.jpg 800w, https:\/\/blogdorogeriogomes.com.br\/noticias\/wp-content\/uploads\/2023\/01\/230130_POSSE-COMANDO-GERAL-PMCE_JW8226-1200x800-1.jpg 1200w\" sizes=\"auto, (max-width: 1024px) 100vw, 1024px\" \/><\/figure>\n","protected":false},"excerpt":{"rendered":"<p>O governador Elmano de Freitas participou, nesta segunda-feira, dia 30 de janeiro, da solenidade de transmiss\u00e3o de cargo do comandante-geral da Pol\u00edcia Militar do Cear\u00e1. A solenidade, realizada no Quartel do Comando Geral da PMCE, em Fortaleza, contou ainda com a presen\u00e7a da vice-governadora Jade Romero, da c\u00fapula da Seguran\u00e7a P\u00fablica, de oficiais e outras autoridades. O coronel Kl\u00eanio Savyo Nascimento de Sousa assumiu o comando-geral da PMCE, sucedendo o coronel PMCE M\u00e1rcio Oliveira, que estava \u00e0 frente da&hellip;<\/p>\n","protected":false},"author":1,"featured_media":28239,"comment_status":"open","ping_status":"open","sticky":false,"template":"","format":"standard","meta":{"footnotes":""},"categories":[1],"tags":[],"class_list":["post-28238","post","type-post","status-publish","format-standard","has-post-thumbnail","hentry","category-noticias"],"_links":{"self":[{"href":"https:\/\/blogdorogeriogomes.com.br\/noticias\/wp-json\/wp\/v2\/posts\/28238","targetHints":{"allow":["GET"]}}],"collection":[{"href":"https:\/\/blogdorogeriogomes.com.br\/noticias\/wp-json\/wp\/v2\/posts"}],"about":[{"href":"https:\/\/blogdorogeriogomes.com.br\/noticias\/wp-json\/wp\/v2\/types\/post"}],"author":[{"embeddable":true,"href":"https:\/\/blogdorogeriogomes.com.br\/noticias\/wp-json\/wp\/v2\/users\/1"}],"replies":[{"embeddable":true,"href":"https:\/\/blogdorogeriogomes.com.br\/noticias\/wp-json\/wp\/v2\/comments?post=28238"}],"version-history":[{"count":1,"href":"https:\/\/blogdorogeriogomes.com.br\/noticias\/wp-json\/wp\/v2\/posts\/28238\/revisions"}],"predecessor-version":[{"id":28240,"href":"https:\/\/blogdorogeriogomes.com.br\/noticias\/wp-json\/wp\/v2\/posts\/28238\/revisions\/28240"}],"wp:featuredmedia":[{"embeddable":true,"href":"https:\/\/blogdorogeriogomes.com.br\/noticias\/wp-json\/wp\/v2\/media\/28239"}],"wp:attachment":[{"href":"https:\/\/blogdorogeriogomes.com.br\/noticias\/wp-json\/wp\/v2\/media?parent=28238"}],"wp:term":[{"taxonomy":"category","embeddable":true,"href":"https:\/\/blogdorogeriogomes.com.br\/noticias\/wp-json\/wp\/v2\/categories?post=28238"},{"taxonomy":"post_tag","embeddable":true,"href":"https:\/\/blogdorogeriogomes.com.br\/noticias\/wp-json\/wp\/v2\/tags?post=28238"}],"curies":[{"name":"wp","href":"https:\/\/api.w.org\/{rel}","templated":true}]}}