{"id":28241,"date":"2023-01-31T11:01:24","date_gmt":"2023-01-31T11:01:24","guid":{"rendered":"https:\/\/blogdorogeriogomes.com.br\/?p=28241"},"modified":"2023-01-31T11:51:07","modified_gmt":"2023-01-31T11:51:07","slug":"quadra-chuvosa-tem-inicio-nesta-quarta-feira-com-previsao-favoravel-de-precipitacoes-em-todo-o-ceara-diz-funceme","status":"publish","type":"post","link":"https:\/\/blogdorogeriogomes.com.br\/noticias\/2023\/01\/quadra-chuvosa-tem-inicio-nesta-quarta-feira-com-previsao-favoravel-de-precipitacoes-em-todo-o-ceara-diz-funceme\/","title":{"rendered":"Quadra chuvosa tem in\u00edcio nesta quarta-feira com previs\u00e3o favor\u00e1vel de precipita\u00e7\u00f5es em todo o Cear\u00e1, diz Funceme"},"content":{"rendered":"\n<p>A quadra chuvosa no Cear\u00e1 come\u00e7a oficialmente nesta quarta-feira, dia 1\u00b0 de fevereiro, e prossegue at\u00e9 31 de maio. Segundo a Funceme, a previs\u00e3o \u00e9 de uma quadra com 50% de probabilidade de precipita\u00e7\u00f5es acima da m\u00e9dia hist\u00f3rica. Para esta quarta-feira, a perspectiva \u00e9 de chuvas nas v\u00e1rias regi\u00f5es do Cear\u00e1.<\/p>\n\n\n\n<p>No boletim da Funceme divulgado \u00e0s 7h30min desta ter\u00e7a-feira, dia 31 de janeiro, as maiores chuvas foram:<br>Granja: 59 mm<br>Aquiraz: 42 mm<br>S\u00e3o Gon\u00e7alo Do Amarante: 42 mm<br>Fortaleza: 41 mm<br>S\u00e3o Gon\u00e7alo Do Amarante: 28.6 mm<br><\/p>\n\n\n\n<figure class=\"wp-block-image size-full\"><img loading=\"lazy\" decoding=\"async\" width=\"744\" height=\"412\" src=\"https:\/\/blogdorogeriogomes.com.br\/wp-content\/uploads\/2023\/01\/images-19.jpeg\" alt=\"\" class=\"wp-image-28242\" srcset=\"https:\/\/blogdorogeriogomes.com.br\/noticias\/wp-content\/uploads\/2023\/01\/images-19.jpeg 744w, https:\/\/blogdorogeriogomes.com.br\/noticias\/wp-content\/uploads\/2023\/01\/images-19-300x166.jpeg 300w\" sizes=\"auto, (max-width: 744px) 100vw, 744px\" \/><\/figure>\n","protected":false},"excerpt":{"rendered":"<p>A quadra chuvosa no Cear\u00e1 come\u00e7a oficialmente nesta quarta-feira, dia 1\u00b0 de fevereiro, e prossegue at\u00e9 31 de maio. Segundo a Funceme, a previs\u00e3o \u00e9 de uma quadra com 50% de probabilidade de precipita\u00e7\u00f5es acima da m\u00e9dia hist\u00f3rica. Para esta quarta-feira, a perspectiva \u00e9 de chuvas nas v\u00e1rias regi\u00f5es do Cear\u00e1. No boletim da Funceme divulgado \u00e0s 7h30min desta ter\u00e7a-feira, dia 31 de janeiro, as maiores chuvas foram:Granja: 59 mmAquiraz: 42 mmS\u00e3o Gon\u00e7alo Do Amarante: 42 mmFortaleza: 41 mmS\u00e3o&hellip;<\/p>\n","protected":false},"author":1,"featured_media":28242,"comment_status":"open","ping_status":"open","sticky":false,"template":"","format":"standard","meta":{"footnotes":""},"categories":[1],"tags":[],"class_list":["post-28241","post","type-post","status-publish","format-standard","has-post-thumbnail","hentry","category-noticias"],"_links":{"self":[{"href":"https:\/\/blogdorogeriogomes.com.br\/noticias\/wp-json\/wp\/v2\/posts\/28241","targetHints":{"allow":["GET"]}}],"collection":[{"href":"https:\/\/blogdorogeriogomes.com.br\/noticias\/wp-json\/wp\/v2\/posts"}],"about":[{"href":"https:\/\/blogdorogeriogomes.com.br\/noticias\/wp-json\/wp\/v2\/types\/post"}],"author":[{"embeddable":true,"href":"https:\/\/blogdorogeriogomes.com.br\/noticias\/wp-json\/wp\/v2\/users\/1"}],"replies":[{"embeddable":true,"href":"https:\/\/blogdorogeriogomes.com.br\/noticias\/wp-json\/wp\/v2\/comments?post=28241"}],"version-history":[{"count":1,"href":"https:\/\/blogdorogeriogomes.com.br\/noticias\/wp-json\/wp\/v2\/posts\/28241\/revisions"}],"predecessor-version":[{"id":28243,"href":"https:\/\/blogdorogeriogomes.com.br\/noticias\/wp-json\/wp\/v2\/posts\/28241\/revisions\/28243"}],"wp:featuredmedia":[{"embeddable":true,"href":"https:\/\/blogdorogeriogomes.com.br\/noticias\/wp-json\/wp\/v2\/media\/28242"}],"wp:attachment":[{"href":"https:\/\/blogdorogeriogomes.com.br\/noticias\/wp-json\/wp\/v2\/media?parent=28241"}],"wp:term":[{"taxonomy":"category","embeddable":true,"href":"https:\/\/blogdorogeriogomes.com.br\/noticias\/wp-json\/wp\/v2\/categories?post=28241"},{"taxonomy":"post_tag","embeddable":true,"href":"https:\/\/blogdorogeriogomes.com.br\/noticias\/wp-json\/wp\/v2\/tags?post=28241"}],"curies":[{"name":"wp","href":"https:\/\/api.w.org\/{rel}","templated":true}]}}