{"id":28244,"date":"2023-01-31T11:38:49","date_gmt":"2023-01-31T11:38:49","guid":{"rendered":"https:\/\/blogdorogeriogomes.com.br\/?p=28244"},"modified":"2023-01-31T11:50:53","modified_gmt":"2023-01-31T11:50:53","slug":"encontro-de-lula-com-chanceler-alemao-marca-retomada-de-dialogo-com-uniao-europeia","status":"publish","type":"post","link":"https:\/\/blogdorogeriogomes.com.br\/noticias\/2023\/01\/encontro-de-lula-com-chanceler-alemao-marca-retomada-de-dialogo-com-uniao-europeia\/","title":{"rendered":"Encontro de Lula com chanceler alem\u00e3o marca retomada de di\u00e1logo com Uni\u00e3o Europeia"},"content":{"rendered":"\n<p>Em visita ao Brasil, o chanceler alem\u00e3o, Olaf Scholz, disse nesta segunda-feira, dia 30 de janeiro, que a &#8220;democracia resistiu&#8221; aos ataques golpistas do dia 8 de janeiro em Bras\u00edlia. Ao lado do presidente Lula (PT), ele celebrou o que chamou de retorno do Brasil \u00e0s conversas internacionais.<\/p>\n\n\n\n<p>Os dois se reuniram no Pal\u00e1cio do Planalto. Em um encontro de 1h30min, trataram de estrat\u00e9gias de preserva\u00e7\u00e3o do meio ambiente, incluindo investimento no Fundo da Amaz\u00f4nia, acordos bilaterais entre os dois pa\u00edses e a guerra entre R\u00fassia e Ucr\u00e2nia.<\/p>\n\n\n\n<p>A reuni\u00e3o fez parte de uma tentativa de retomada do protagonismo brasileiro nas rela\u00e7\u00f5es internacionais, com poss\u00edvel estreitamento de acordos entre entre Mercosul e Uni\u00e3o Europeia.<\/p>\n\n\n\n<figure class=\"wp-block-image size-full\"><img loading=\"lazy\" decoding=\"async\" width=\"1024\" height=\"692\" src=\"https:\/\/blogdorogeriogomes.com.br\/wp-content\/uploads\/2023\/01\/IMG-20230131-WA0033.jpg\" alt=\"\" class=\"wp-image-28245\" srcset=\"https:\/\/blogdorogeriogomes.com.br\/noticias\/wp-content\/uploads\/2023\/01\/IMG-20230131-WA0033.jpg 1024w, https:\/\/blogdorogeriogomes.com.br\/noticias\/wp-content\/uploads\/2023\/01\/IMG-20230131-WA0033-300x203.jpg 300w, https:\/\/blogdorogeriogomes.com.br\/noticias\/wp-content\/uploads\/2023\/01\/IMG-20230131-WA0033-768x519.jpg 768w, https:\/\/blogdorogeriogomes.com.br\/noticias\/wp-content\/uploads\/2023\/01\/IMG-20230131-WA0033-800x541.jpg 800w\" sizes=\"auto, (max-width: 1024px) 100vw, 1024px\" \/><\/figure>\n","protected":false},"excerpt":{"rendered":"<p>Em visita ao Brasil, o chanceler alem\u00e3o, Olaf Scholz, disse nesta segunda-feira, dia 30 de janeiro, que a &#8220;democracia resistiu&#8221; aos ataques golpistas do dia 8 de janeiro em Bras\u00edlia. Ao lado do presidente Lula (PT), ele celebrou o que chamou de retorno do Brasil \u00e0s conversas internacionais. Os dois se reuniram no Pal\u00e1cio do Planalto. Em um encontro de 1h30min, trataram de estrat\u00e9gias de preserva\u00e7\u00e3o do meio ambiente, incluindo investimento no Fundo da Amaz\u00f4nia, acordos bilaterais entre os&hellip;<\/p>\n","protected":false},"author":1,"featured_media":28245,"comment_status":"open","ping_status":"open","sticky":false,"template":"","format":"standard","meta":{"footnotes":""},"categories":[1],"tags":[],"class_list":["post-28244","post","type-post","status-publish","format-standard","has-post-thumbnail","hentry","category-noticias"],"_links":{"self":[{"href":"https:\/\/blogdorogeriogomes.com.br\/noticias\/wp-json\/wp\/v2\/posts\/28244","targetHints":{"allow":["GET"]}}],"collection":[{"href":"https:\/\/blogdorogeriogomes.com.br\/noticias\/wp-json\/wp\/v2\/posts"}],"about":[{"href":"https:\/\/blogdorogeriogomes.com.br\/noticias\/wp-json\/wp\/v2\/types\/post"}],"author":[{"embeddable":true,"href":"https:\/\/blogdorogeriogomes.com.br\/noticias\/wp-json\/wp\/v2\/users\/1"}],"replies":[{"embeddable":true,"href":"https:\/\/blogdorogeriogomes.com.br\/noticias\/wp-json\/wp\/v2\/comments?post=28244"}],"version-history":[{"count":1,"href":"https:\/\/blogdorogeriogomes.com.br\/noticias\/wp-json\/wp\/v2\/posts\/28244\/revisions"}],"predecessor-version":[{"id":28246,"href":"https:\/\/blogdorogeriogomes.com.br\/noticias\/wp-json\/wp\/v2\/posts\/28244\/revisions\/28246"}],"wp:featuredmedia":[{"embeddable":true,"href":"https:\/\/blogdorogeriogomes.com.br\/noticias\/wp-json\/wp\/v2\/media\/28245"}],"wp:attachment":[{"href":"https:\/\/blogdorogeriogomes.com.br\/noticias\/wp-json\/wp\/v2\/media?parent=28244"}],"wp:term":[{"taxonomy":"category","embeddable":true,"href":"https:\/\/blogdorogeriogomes.com.br\/noticias\/wp-json\/wp\/v2\/categories?post=28244"},{"taxonomy":"post_tag","embeddable":true,"href":"https:\/\/blogdorogeriogomes.com.br\/noticias\/wp-json\/wp\/v2\/tags?post=28244"}],"curies":[{"name":"wp","href":"https:\/\/api.w.org\/{rel}","templated":true}]}}