{"id":28247,"date":"2023-01-31T23:26:19","date_gmt":"2023-01-31T23:26:19","guid":{"rendered":"https:\/\/blogdorogeriogomes.com.br\/?p=28247"},"modified":"2023-02-01T13:55:03","modified_gmt":"2023-02-01T13:55:03","slug":"novo-presidente-do-tribunal-de-justica-do-ceara-toma-posse-e-promete-mais-rapidez-nos-julgamentos","status":"publish","type":"post","link":"https:\/\/blogdorogeriogomes.com.br\/noticias\/2023\/01\/novo-presidente-do-tribunal-de-justica-do-ceara-toma-posse-e-promete-mais-rapidez-nos-julgamentos\/","title":{"rendered":"Novo presidente do Tribunal de Justi\u00e7a do Cear\u00e1 toma posse  e promete mais rapidez nos julgamentos"},"content":{"rendered":"\n<p>Com 38 anos de servi\u00e7os prestados \u00e0 magistratura cearense, o desembargador Abelardo Benevides Moraes tomou posse nesta ter\u00e7a-feira, dia 31 de janeiro, como novo presidente do Tribunal de Justi\u00e7a do Cear\u00e1 (TJCE) para o bi\u00eanio 2023-2025. Abelardo Benevides ocupa o cargo que estava ocupado pela desembargadora Nailde Pinheiro, que apostou na moderniza\u00e7\u00e3o e humaniza\u00e7\u00e3o do Judici\u00e1rio.<\/p>\n\n\n\n<p>Os desembargadores Her\u00e1clito Vieira de Sousa Neto e Maria Edna Martins foram empossados, respectivamente, vice-presidente e corregedora-geral da Justi\u00e7a.<\/p>\n\n\n\n<p>A solenidade realizada no audit\u00f3rio do Tribunal Regional Eleitoral do Cear\u00e1 foi prestigiada pelo governador Elmano de Freitas e pelo presidente da Assembleia Legislativa do Cear\u00e1, Evandro Leit\u00e3o.<\/p>\n\n\n\n<p>O novo presidente do TJCE, Abelardo Benevides, aposta em uma gest\u00e3o com prioridade na produtividade do Judici\u00e1rio. A ideia \u00e9 dar mais efici\u00eancia e rapidez no julgamento dos processos.<\/p>\n\n\n\n<figure class=\"wp-block-image size-large\"><img loading=\"lazy\" decoding=\"async\" width=\"1024\" height=\"568\" src=\"https:\/\/blogdorogeriogomes.com.br\/wp-content\/uploads\/2023\/01\/Copo-1024x568.jpg\" alt=\"\" class=\"wp-image-28248\" srcset=\"https:\/\/blogdorogeriogomes.com.br\/noticias\/wp-content\/uploads\/2023\/01\/Copo-1024x568.jpg 1024w, https:\/\/blogdorogeriogomes.com.br\/noticias\/wp-content\/uploads\/2023\/01\/Copo-300x166.jpg 300w, https:\/\/blogdorogeriogomes.com.br\/noticias\/wp-content\/uploads\/2023\/01\/Copo-768x426.jpg 768w, https:\/\/blogdorogeriogomes.com.br\/noticias\/wp-content\/uploads\/2023\/01\/Copo-800x444.jpg 800w, https:\/\/blogdorogeriogomes.com.br\/noticias\/wp-content\/uploads\/2023\/01\/Copo.jpg 1280w\" sizes=\"auto, (max-width: 1024px) 100vw, 1024px\" \/><\/figure>\n","protected":false},"excerpt":{"rendered":"<p>Com 38 anos de servi\u00e7os prestados \u00e0 magistratura cearense, o desembargador Abelardo Benevides Moraes tomou posse nesta ter\u00e7a-feira, dia 31 de janeiro, como novo presidente do Tribunal de Justi\u00e7a do Cear\u00e1 (TJCE) para o bi\u00eanio 2023-2025. Abelardo Benevides ocupa o cargo que estava ocupado pela desembargadora Nailde Pinheiro, que apostou na moderniza\u00e7\u00e3o e humaniza\u00e7\u00e3o do Judici\u00e1rio. Os desembargadores Her\u00e1clito Vieira de Sousa Neto e Maria Edna Martins foram empossados, respectivamente, vice-presidente e corregedora-geral da Justi\u00e7a. A solenidade realizada no&hellip;<\/p>\n","protected":false},"author":1,"featured_media":28248,"comment_status":"open","ping_status":"open","sticky":false,"template":"","format":"standard","meta":{"footnotes":""},"categories":[1],"tags":[],"class_list":["post-28247","post","type-post","status-publish","format-standard","has-post-thumbnail","hentry","category-noticias"],"_links":{"self":[{"href":"https:\/\/blogdorogeriogomes.com.br\/noticias\/wp-json\/wp\/v2\/posts\/28247","targetHints":{"allow":["GET"]}}],"collection":[{"href":"https:\/\/blogdorogeriogomes.com.br\/noticias\/wp-json\/wp\/v2\/posts"}],"about":[{"href":"https:\/\/blogdorogeriogomes.com.br\/noticias\/wp-json\/wp\/v2\/types\/post"}],"author":[{"embeddable":true,"href":"https:\/\/blogdorogeriogomes.com.br\/noticias\/wp-json\/wp\/v2\/users\/1"}],"replies":[{"embeddable":true,"href":"https:\/\/blogdorogeriogomes.com.br\/noticias\/wp-json\/wp\/v2\/comments?post=28247"}],"version-history":[{"count":1,"href":"https:\/\/blogdorogeriogomes.com.br\/noticias\/wp-json\/wp\/v2\/posts\/28247\/revisions"}],"predecessor-version":[{"id":28249,"href":"https:\/\/blogdorogeriogomes.com.br\/noticias\/wp-json\/wp\/v2\/posts\/28247\/revisions\/28249"}],"wp:featuredmedia":[{"embeddable":true,"href":"https:\/\/blogdorogeriogomes.com.br\/noticias\/wp-json\/wp\/v2\/media\/28248"}],"wp:attachment":[{"href":"https:\/\/blogdorogeriogomes.com.br\/noticias\/wp-json\/wp\/v2\/media?parent=28247"}],"wp:term":[{"taxonomy":"category","embeddable":true,"href":"https:\/\/blogdorogeriogomes.com.br\/noticias\/wp-json\/wp\/v2\/categories?post=28247"},{"taxonomy":"post_tag","embeddable":true,"href":"https:\/\/blogdorogeriogomes.com.br\/noticias\/wp-json\/wp\/v2\/tags?post=28247"}],"curies":[{"name":"wp","href":"https:\/\/api.w.org\/{rel}","templated":true}]}}