{"id":28250,"date":"2023-01-31T23:55:55","date_gmt":"2023-01-31T23:55:55","guid":{"rendered":"https:\/\/blogdorogeriogomes.com.br\/?p=28250"},"modified":"2023-02-01T13:54:56","modified_gmt":"2023-02-01T13:54:56","slug":"prefeito-jose-sarto-promete-pagar-piso-a-professores-mas-sindiute-questiona-reajuste-e-pode-manter-paralisacao","status":"publish","type":"post","link":"https:\/\/blogdorogeriogomes.com.br\/noticias\/2023\/01\/prefeito-jose-sarto-promete-pagar-piso-a-professores-mas-sindiute-questiona-reajuste-e-pode-manter-paralisacao\/","title":{"rendered":"Prefeito Jos\u00e9 Sarto promete pagar piso a professores, mas Sindiute questiona reajuste e pode manter paralisa\u00e7\u00e3o"},"content":{"rendered":"\n<p>O prefeito de Fortaleza, Jos\u00e9 Sarto (PDT), se reuniu nesta ter\u00e7a-feira, dia 31 de janeiro, com representantes dos professores municipais que est\u00e3o com atividades paralisadas. Sarto prometeu pagar o piso nacional da categoria, mas segundo o Sindiute, a proposta da Prefeitura n\u00e3o se adequa ao acr\u00e9scimo de 14,95% confirmado pelo Minist\u00e9rio da Educa\u00e7\u00e3o.<\/p>\n\n\n\n<p>\u201cA reuni\u00e3o foi muito ruim. Na verdade, o prefeito prop\u00f4s reajuste de 0,81%, n\u00e3o aplicando os 14,95% na refer\u00eancia inicial, que \u00e9 o n\u00edvel m\u00e9dio&#8221;, disse a presidenta do Sindicato \u00danico dos Trabalhadores em Educa\u00e7\u00e3o do Cear\u00e1 (Sindiute), Ana Cristina Guilherme.<\/p>\n\n\n\n<p>Segundo o prefeito Jos\u00e9 Sarto, o piso salarial de professores estabelecido em R$ 4.420,55, vai ser pago aos professores de Fortaleza. &#8220;N\u00f3s garantimos aos representantes da categoria que nenhum professor de n\u00edvel m\u00e9dio, do munic\u00edpio de Fortaleza, receber\u00e1 menos que o piso estabelecido pelo Minist\u00e9rio da Educa\u00e7\u00e3o&#8221;, ressaltou Sarto.<\/p>\n\n\n\n<p>O prefeito da Capital apelou para que a categoria dos professores retorne \u00e0s atividades do ano letivo, que foi iniciado na rede municipal, na \u00faltima sexta-feira, dia 27 de janeiro.<\/p>\n\n\n\n<figure class=\"wp-block-image size-full\"><img loading=\"lazy\" decoding=\"async\" width=\"506\" height=\"360\" src=\"https:\/\/blogdorogeriogomes.com.br\/wp-content\/uploads\/2023\/01\/1_posse_professores_prefeitura_de_fortaleza_2023___19-20919952.jpg\" alt=\"\" class=\"wp-image-28251\" srcset=\"https:\/\/blogdorogeriogomes.com.br\/noticias\/wp-content\/uploads\/2023\/01\/1_posse_professores_prefeitura_de_fortaleza_2023___19-20919952.jpg 506w, https:\/\/blogdorogeriogomes.com.br\/noticias\/wp-content\/uploads\/2023\/01\/1_posse_professores_prefeitura_de_fortaleza_2023___19-20919952-300x213.jpg 300w\" sizes=\"auto, (max-width: 506px) 100vw, 506px\" \/><\/figure>\n","protected":false},"excerpt":{"rendered":"<p>O prefeito de Fortaleza, Jos\u00e9 Sarto (PDT), se reuniu nesta ter\u00e7a-feira, dia 31 de janeiro, com representantes dos professores municipais que est\u00e3o com atividades paralisadas. Sarto prometeu pagar o piso nacional da categoria, mas segundo o Sindiute, a proposta da Prefeitura n\u00e3o se adequa ao acr\u00e9scimo de 14,95% confirmado pelo Minist\u00e9rio da Educa\u00e7\u00e3o. \u201cA reuni\u00e3o foi muito ruim. Na verdade, o prefeito prop\u00f4s reajuste de 0,81%, n\u00e3o aplicando os 14,95% na refer\u00eancia inicial, que \u00e9 o n\u00edvel m\u00e9dio&#8221;, disse&hellip;<\/p>\n","protected":false},"author":1,"featured_media":28251,"comment_status":"open","ping_status":"open","sticky":false,"template":"","format":"standard","meta":{"footnotes":""},"categories":[1],"tags":[],"class_list":["post-28250","post","type-post","status-publish","format-standard","has-post-thumbnail","hentry","category-noticias"],"_links":{"self":[{"href":"https:\/\/blogdorogeriogomes.com.br\/noticias\/wp-json\/wp\/v2\/posts\/28250","targetHints":{"allow":["GET"]}}],"collection":[{"href":"https:\/\/blogdorogeriogomes.com.br\/noticias\/wp-json\/wp\/v2\/posts"}],"about":[{"href":"https:\/\/blogdorogeriogomes.com.br\/noticias\/wp-json\/wp\/v2\/types\/post"}],"author":[{"embeddable":true,"href":"https:\/\/blogdorogeriogomes.com.br\/noticias\/wp-json\/wp\/v2\/users\/1"}],"replies":[{"embeddable":true,"href":"https:\/\/blogdorogeriogomes.com.br\/noticias\/wp-json\/wp\/v2\/comments?post=28250"}],"version-history":[{"count":1,"href":"https:\/\/blogdorogeriogomes.com.br\/noticias\/wp-json\/wp\/v2\/posts\/28250\/revisions"}],"predecessor-version":[{"id":28252,"href":"https:\/\/blogdorogeriogomes.com.br\/noticias\/wp-json\/wp\/v2\/posts\/28250\/revisions\/28252"}],"wp:featuredmedia":[{"embeddable":true,"href":"https:\/\/blogdorogeriogomes.com.br\/noticias\/wp-json\/wp\/v2\/media\/28251"}],"wp:attachment":[{"href":"https:\/\/blogdorogeriogomes.com.br\/noticias\/wp-json\/wp\/v2\/media?parent=28250"}],"wp:term":[{"taxonomy":"category","embeddable":true,"href":"https:\/\/blogdorogeriogomes.com.br\/noticias\/wp-json\/wp\/v2\/categories?post=28250"},{"taxonomy":"post_tag","embeddable":true,"href":"https:\/\/blogdorogeriogomes.com.br\/noticias\/wp-json\/wp\/v2\/tags?post=28250"}],"curies":[{"name":"wp","href":"https:\/\/api.w.org\/{rel}","templated":true}]}}