{"id":28253,"date":"2023-02-01T10:20:43","date_gmt":"2023-02-01T10:20:43","guid":{"rendered":"https:\/\/blogdorogeriogomes.com.br\/?p=28253"},"modified":"2023-02-01T13:54:49","modified_gmt":"2023-02-01T13:54:49","slug":"ceara-e-fortaleza-continuam-a-defender-torcida-mista-no-classico-rei-apesar-de-recomendacao-do-mp-e-sspds","status":"publish","type":"post","link":"https:\/\/blogdorogeriogomes.com.br\/noticias\/2023\/02\/ceara-e-fortaleza-continuam-a-defender-torcida-mista-no-classico-rei-apesar-de-recomendacao-do-mp-e-sspds\/","title":{"rendered":"Cear\u00e1 e Fortaleza continuam a defender torcida mista no Cl\u00e1ssico-Rei apesar de recomenda\u00e7\u00e3o do MP e SSPDS"},"content":{"rendered":"\n<p>Os dirigentes de Cear\u00e1 e Fortaleza continuam a defender a presen\u00e7a das duas torcidas no Cl\u00e1ssico-Rei previsto para 7 de fevereiro, no est\u00e1dio Presidente Vargas, pelo Campeonato Cearense 2023. O Minist\u00e9rio P\u00fablico do Cear\u00e1 e a Secretaria de Seguran\u00e7a P\u00fablica do Cear\u00e1 recomendam que a partida tenha torcida \u00fanica para evitar confrontos no acesso ao est\u00e1dio e nas arquibancadas.<\/p>\n\n\n\n<p>Nesta ter\u00e7a-feira , dia 31 de janeiro, houve reuni\u00e3o na sede da Federa\u00e7\u00e3o Cearense de Futebol com a Pol\u00edcia Militar e dirigentes dos dois clubes, mas n\u00e3o houve acordo quanto a presen\u00e7a ou n\u00e3o dos torcedores de Cear\u00e1 e Fortaleza. A PM pediu um prazo de 48 horas para analisar um plano apresentado pelo Cear\u00e1, que garante a torcida mista no PV, dia 7 de fevereiro.<\/p>\n\n\n\n<figure class=\"wp-block-image size-full\"><img loading=\"lazy\" decoding=\"async\" width=\"739\" height=\"415\" src=\"https:\/\/blogdorogeriogomes.com.br\/wp-content\/uploads\/2023\/02\/images.jpeg\" alt=\"\" class=\"wp-image-28254\" srcset=\"https:\/\/blogdorogeriogomes.com.br\/noticias\/wp-content\/uploads\/2023\/02\/images.jpeg 739w, https:\/\/blogdorogeriogomes.com.br\/noticias\/wp-content\/uploads\/2023\/02\/images-300x168.jpeg 300w\" sizes=\"auto, (max-width: 739px) 100vw, 739px\" \/><\/figure>\n","protected":false},"excerpt":{"rendered":"<p>Os dirigentes de Cear\u00e1 e Fortaleza continuam a defender a presen\u00e7a das duas torcidas no Cl\u00e1ssico-Rei previsto para 7 de fevereiro, no est\u00e1dio Presidente Vargas, pelo Campeonato Cearense 2023. O Minist\u00e9rio P\u00fablico do Cear\u00e1 e a Secretaria de Seguran\u00e7a P\u00fablica do Cear\u00e1 recomendam que a partida tenha torcida \u00fanica para evitar confrontos no acesso ao est\u00e1dio e nas arquibancadas. Nesta ter\u00e7a-feira , dia 31 de janeiro, houve reuni\u00e3o na sede da Federa\u00e7\u00e3o Cearense de Futebol com a Pol\u00edcia Militar&hellip;<\/p>\n","protected":false},"author":1,"featured_media":28254,"comment_status":"open","ping_status":"open","sticky":false,"template":"","format":"standard","meta":{"footnotes":""},"categories":[1],"tags":[],"class_list":["post-28253","post","type-post","status-publish","format-standard","has-post-thumbnail","hentry","category-noticias"],"_links":{"self":[{"href":"https:\/\/blogdorogeriogomes.com.br\/noticias\/wp-json\/wp\/v2\/posts\/28253","targetHints":{"allow":["GET"]}}],"collection":[{"href":"https:\/\/blogdorogeriogomes.com.br\/noticias\/wp-json\/wp\/v2\/posts"}],"about":[{"href":"https:\/\/blogdorogeriogomes.com.br\/noticias\/wp-json\/wp\/v2\/types\/post"}],"author":[{"embeddable":true,"href":"https:\/\/blogdorogeriogomes.com.br\/noticias\/wp-json\/wp\/v2\/users\/1"}],"replies":[{"embeddable":true,"href":"https:\/\/blogdorogeriogomes.com.br\/noticias\/wp-json\/wp\/v2\/comments?post=28253"}],"version-history":[{"count":1,"href":"https:\/\/blogdorogeriogomes.com.br\/noticias\/wp-json\/wp\/v2\/posts\/28253\/revisions"}],"predecessor-version":[{"id":28255,"href":"https:\/\/blogdorogeriogomes.com.br\/noticias\/wp-json\/wp\/v2\/posts\/28253\/revisions\/28255"}],"wp:featuredmedia":[{"embeddable":true,"href":"https:\/\/blogdorogeriogomes.com.br\/noticias\/wp-json\/wp\/v2\/media\/28254"}],"wp:attachment":[{"href":"https:\/\/blogdorogeriogomes.com.br\/noticias\/wp-json\/wp\/v2\/media?parent=28253"}],"wp:term":[{"taxonomy":"category","embeddable":true,"href":"https:\/\/blogdorogeriogomes.com.br\/noticias\/wp-json\/wp\/v2\/categories?post=28253"},{"taxonomy":"post_tag","embeddable":true,"href":"https:\/\/blogdorogeriogomes.com.br\/noticias\/wp-json\/wp\/v2\/tags?post=28253"}],"curies":[{"name":"wp","href":"https:\/\/api.w.org\/{rel}","templated":true}]}}