{"id":28256,"date":"2023-02-01T14:59:00","date_gmt":"2023-02-01T14:59:00","guid":{"rendered":"https:\/\/blogdorogeriogomes.com.br\/?p=28256"},"modified":"2023-02-02T21:00:17","modified_gmt":"2023-02-02T21:00:17","slug":"evandro-leitao-e-reeleito-presidente-da-assembleia-legislativa-do-ceara","status":"publish","type":"post","link":"https:\/\/blogdorogeriogomes.com.br\/noticias\/2023\/02\/evandro-leitao-e-reeleito-presidente-da-assembleia-legislativa-do-ceara\/","title":{"rendered":"Evandro Leit\u00e3o \u00e9 reeleito presidente da Assembleia Legislativa do Cear\u00e1"},"content":{"rendered":"\n<p>A Assembleia Legislativa do Cear\u00e1 retomou os trabalhos, nesta quarta-feira, 1\u00b0 de fevereiro, com a posse dos novos deputados estaduais, eleitos em outubro do ano passado. Tamb\u00e9m foi eleita a nova Mesa Diretora que tem como presidente Evandro Leit\u00e3o, reeleito para o cargo.<br>A Assembleia Legislativa ficou lotada para a posse dos novos deputados estaduais, que assumem um mandato de quatro anos. Algumas caras novas, como Larissa Gaspar, do PT, que trocou a C\u00e2mara Municipal de Fortaleza pela Assembleia e vem refor\u00e7ar a bancada do governador Elmano de Freitas.<br>Mas tamb\u00e9m novos parlamentares na oposi\u00e7\u00e3o, que prometem muita fiscaliza\u00e7\u00e3o no mandato do Executivo Estadual.<br>Depois da cerim\u00f4nia de posse dos 46 deputados estaduais foi a vez de eleger a nova Mesa Diretora. Apenas uma chapa foi inscrita e encabe\u00e7ada pelo atual presidente Evandro Leit\u00e3o, do PDT, que buscava a reelei\u00e7\u00e3o. Com 46 votos, a chapa foi eleita pelos parlamentares para os pr\u00f3ximos dois anos.<br>A forma\u00e7\u00e3o da nova Mesa Diretora contemplou as bancadas governista e de oposi\u00e7\u00e3o. O primeiro vice-presidente ser\u00e1 Fernando Santana, do PT. J\u00e1 a primeira secret\u00e1ria ficou com Daniel Oliveira, do MDB.<br>Reeleito, Evandro Leit\u00e3o fez um balan\u00e7o da atual gest\u00e3o e tra\u00e7ou metas para os pr\u00f3ximos dois anos.<\/p>\n\n\n\n<figure class=\"wp-block-image size-large\"><img loading=\"lazy\" decoding=\"async\" width=\"1024\" height=\"768\" src=\"https:\/\/blogdorogeriogomes.com.br\/wp-content\/uploads\/2023\/02\/IMG_20230201_102324881-1024x768.jpg\" alt=\"\" class=\"wp-image-28257\" srcset=\"https:\/\/blogdorogeriogomes.com.br\/noticias\/wp-content\/uploads\/2023\/02\/IMG_20230201_102324881-1024x768.jpg 1024w, https:\/\/blogdorogeriogomes.com.br\/noticias\/wp-content\/uploads\/2023\/02\/IMG_20230201_102324881-300x225.jpg 300w, https:\/\/blogdorogeriogomes.com.br\/noticias\/wp-content\/uploads\/2023\/02\/IMG_20230201_102324881-768x576.jpg 768w, https:\/\/blogdorogeriogomes.com.br\/noticias\/wp-content\/uploads\/2023\/02\/IMG_20230201_102324881-1536x1152.jpg 1536w, https:\/\/blogdorogeriogomes.com.br\/noticias\/wp-content\/uploads\/2023\/02\/IMG_20230201_102324881-2048x1536.jpg 2048w, https:\/\/blogdorogeriogomes.com.br\/noticias\/wp-content\/uploads\/2023\/02\/IMG_20230201_102324881-800x600.jpg 800w, https:\/\/blogdorogeriogomes.com.br\/noticias\/wp-content\/uploads\/2023\/02\/IMG_20230201_102324881-400x300.jpg 400w\" sizes=\"auto, (max-width: 1024px) 100vw, 1024px\" \/><\/figure>\n","protected":false},"excerpt":{"rendered":"<p>A Assembleia Legislativa do Cear\u00e1 retomou os trabalhos, nesta quarta-feira, 1\u00b0 de fevereiro, com a posse dos novos deputados estaduais, eleitos em outubro do ano passado. Tamb\u00e9m foi eleita a nova Mesa Diretora que tem como presidente Evandro Leit\u00e3o, reeleito para o cargo.A Assembleia Legislativa ficou lotada para a posse dos novos deputados estaduais, que assumem um mandato de quatro anos. Algumas caras novas, como Larissa Gaspar, do PT, que trocou a C\u00e2mara Municipal de Fortaleza pela Assembleia e&hellip;<\/p>\n","protected":false},"author":1,"featured_media":28257,"comment_status":"open","ping_status":"open","sticky":false,"template":"","format":"standard","meta":{"footnotes":""},"categories":[1],"tags":[],"class_list":["post-28256","post","type-post","status-publish","format-standard","has-post-thumbnail","hentry","category-noticias"],"_links":{"self":[{"href":"https:\/\/blogdorogeriogomes.com.br\/noticias\/wp-json\/wp\/v2\/posts\/28256","targetHints":{"allow":["GET"]}}],"collection":[{"href":"https:\/\/blogdorogeriogomes.com.br\/noticias\/wp-json\/wp\/v2\/posts"}],"about":[{"href":"https:\/\/blogdorogeriogomes.com.br\/noticias\/wp-json\/wp\/v2\/types\/post"}],"author":[{"embeddable":true,"href":"https:\/\/blogdorogeriogomes.com.br\/noticias\/wp-json\/wp\/v2\/users\/1"}],"replies":[{"embeddable":true,"href":"https:\/\/blogdorogeriogomes.com.br\/noticias\/wp-json\/wp\/v2\/comments?post=28256"}],"version-history":[{"count":1,"href":"https:\/\/blogdorogeriogomes.com.br\/noticias\/wp-json\/wp\/v2\/posts\/28256\/revisions"}],"predecessor-version":[{"id":28258,"href":"https:\/\/blogdorogeriogomes.com.br\/noticias\/wp-json\/wp\/v2\/posts\/28256\/revisions\/28258"}],"wp:featuredmedia":[{"embeddable":true,"href":"https:\/\/blogdorogeriogomes.com.br\/noticias\/wp-json\/wp\/v2\/media\/28257"}],"wp:attachment":[{"href":"https:\/\/blogdorogeriogomes.com.br\/noticias\/wp-json\/wp\/v2\/media?parent=28256"}],"wp:term":[{"taxonomy":"category","embeddable":true,"href":"https:\/\/blogdorogeriogomes.com.br\/noticias\/wp-json\/wp\/v2\/categories?post=28256"},{"taxonomy":"post_tag","embeddable":true,"href":"https:\/\/blogdorogeriogomes.com.br\/noticias\/wp-json\/wp\/v2\/tags?post=28256"}],"curies":[{"name":"wp","href":"https:\/\/api.w.org\/{rel}","templated":true}]}}