{"id":28263,"date":"2023-02-02T00:52:38","date_gmt":"2023-02-02T00:52:38","guid":{"rendered":"https:\/\/blogdorogeriogomes.com.br\/?p=28263"},"modified":"2023-02-02T20:59:59","modified_gmt":"2023-02-02T20:59:59","slug":"jose-sarto-comparece-a-reabertura-dos-trabalhos-na-camara-municipal-e-enfrenta-protesto-de-servidores","status":"publish","type":"post","link":"https:\/\/blogdorogeriogomes.com.br\/noticias\/2023\/02\/jose-sarto-comparece-a-reabertura-dos-trabalhos-na-camara-municipal-e-enfrenta-protesto-de-servidores\/","title":{"rendered":"Jos\u00e9 Sarto comparece a reabertura dos trabalhos na C\u00e2mara Municipal e enfrenta protesto de servidores"},"content":{"rendered":"\n<p>O prefeito de Fortaleza, Jos\u00e9 Sarto (PDT), esteve nesta quarta-feira, dia 1\u00b0 de fevereiro, na reabertura dos trabalhos na C\u00e2mara Municipal. Sarto fez um balan\u00e7o e presta\u00e7\u00e3o de contas das a\u00e7\u00f5es realizadas pelo Munic\u00edpio nos dois anos de gest\u00e3o.&nbsp;Mas enfrentou protestos de servidores municipais da \u00e1rea da sa\u00fade e educa\u00e7\u00e3o, que lutam por reajustes salariais. Professores da rede municipal dizem que v\u00e3o permanecer em greve pela implanta\u00e7\u00e3o do piso nacional da categoria.<\/p>\n\n\n\n<p>Em discurso no in\u00edcio do per\u00edodo legislativo do 1\u00b0 semestre, o presidente da C\u00e2mara Municipal de Fortaleza, vereador Gardel Rolim (PDT), apontou que o fortalecimento da Escola do Parlamento e a amplia\u00e7\u00e3o da Central da Cidadania Itinerante ser\u00e3o as prioridades da sua gest\u00e3o no comando do Legislativo Municipal.<\/p>\n\n\n\n<figure class=\"wp-block-image size-large\"><img loading=\"lazy\" decoding=\"async\" width=\"1024\" height=\"681\" src=\"https:\/\/blogdorogeriogomes.com.br\/wp-content\/uploads\/2023\/02\/IMG_0242-1024x681.jpg\" alt=\"\" class=\"wp-image-28264\" srcset=\"https:\/\/blogdorogeriogomes.com.br\/noticias\/wp-content\/uploads\/2023\/02\/IMG_0242-1024x681.jpg 1024w, https:\/\/blogdorogeriogomes.com.br\/noticias\/wp-content\/uploads\/2023\/02\/IMG_0242-300x200.jpg 300w, https:\/\/blogdorogeriogomes.com.br\/noticias\/wp-content\/uploads\/2023\/02\/IMG_0242-768x511.jpg 768w, https:\/\/blogdorogeriogomes.com.br\/noticias\/wp-content\/uploads\/2023\/02\/IMG_0242-800x532.jpg 800w, https:\/\/blogdorogeriogomes.com.br\/noticias\/wp-content\/uploads\/2023\/02\/IMG_0242.jpg 1200w\" sizes=\"auto, (max-width: 1024px) 100vw, 1024px\" \/><\/figure>\n","protected":false},"excerpt":{"rendered":"<p>O prefeito de Fortaleza, Jos\u00e9 Sarto (PDT), esteve nesta quarta-feira, dia 1\u00b0 de fevereiro, na reabertura dos trabalhos na C\u00e2mara Municipal. Sarto fez um balan\u00e7o e presta\u00e7\u00e3o de contas das a\u00e7\u00f5es realizadas pelo Munic\u00edpio nos dois anos de gest\u00e3o.&nbsp;Mas enfrentou protestos de servidores municipais da \u00e1rea da sa\u00fade e educa\u00e7\u00e3o, que lutam por reajustes salariais. Professores da rede municipal dizem que v\u00e3o permanecer em greve pela implanta\u00e7\u00e3o do piso nacional da categoria. Em discurso no in\u00edcio do per\u00edodo legislativo&hellip;<\/p>\n","protected":false},"author":1,"featured_media":28264,"comment_status":"open","ping_status":"open","sticky":false,"template":"","format":"standard","meta":{"footnotes":""},"categories":[1],"tags":[],"class_list":["post-28263","post","type-post","status-publish","format-standard","has-post-thumbnail","hentry","category-noticias"],"_links":{"self":[{"href":"https:\/\/blogdorogeriogomes.com.br\/noticias\/wp-json\/wp\/v2\/posts\/28263","targetHints":{"allow":["GET"]}}],"collection":[{"href":"https:\/\/blogdorogeriogomes.com.br\/noticias\/wp-json\/wp\/v2\/posts"}],"about":[{"href":"https:\/\/blogdorogeriogomes.com.br\/noticias\/wp-json\/wp\/v2\/types\/post"}],"author":[{"embeddable":true,"href":"https:\/\/blogdorogeriogomes.com.br\/noticias\/wp-json\/wp\/v2\/users\/1"}],"replies":[{"embeddable":true,"href":"https:\/\/blogdorogeriogomes.com.br\/noticias\/wp-json\/wp\/v2\/comments?post=28263"}],"version-history":[{"count":2,"href":"https:\/\/blogdorogeriogomes.com.br\/noticias\/wp-json\/wp\/v2\/posts\/28263\/revisions"}],"predecessor-version":[{"id":28273,"href":"https:\/\/blogdorogeriogomes.com.br\/noticias\/wp-json\/wp\/v2\/posts\/28263\/revisions\/28273"}],"wp:featuredmedia":[{"embeddable":true,"href":"https:\/\/blogdorogeriogomes.com.br\/noticias\/wp-json\/wp\/v2\/media\/28264"}],"wp:attachment":[{"href":"https:\/\/blogdorogeriogomes.com.br\/noticias\/wp-json\/wp\/v2\/media?parent=28263"}],"wp:term":[{"taxonomy":"category","embeddable":true,"href":"https:\/\/blogdorogeriogomes.com.br\/noticias\/wp-json\/wp\/v2\/categories?post=28263"},{"taxonomy":"post_tag","embeddable":true,"href":"https:\/\/blogdorogeriogomes.com.br\/noticias\/wp-json\/wp\/v2\/tags?post=28263"}],"curies":[{"name":"wp","href":"https:\/\/api.w.org\/{rel}","templated":true}]}}