{"id":28266,"date":"2023-02-02T11:13:28","date_gmt":"2023-02-02T11:13:28","guid":{"rendered":"https:\/\/blogdorogeriogomes.com.br\/?p=28266"},"modified":"2023-02-02T20:59:51","modified_gmt":"2023-02-02T20:59:51","slug":"torcidas-de-ceara-e-fortaleza-estao-garantidas-no-primeiro-classico-rei-de-2023-no-pv","status":"publish","type":"post","link":"https:\/\/blogdorogeriogomes.com.br\/noticias\/2023\/02\/torcidas-de-ceara-e-fortaleza-estao-garantidas-no-primeiro-classico-rei-de-2023-no-pv\/","title":{"rendered":"Torcidas de Cear\u00e1 e Fortaleza est\u00e3o garantidas no primeiro Cl\u00e1ssico-Rei de 2023 no PV"},"content":{"rendered":"\n<p>As torcidas de Cear\u00e1 e Fortaleza estar\u00e3o presentes no est\u00e1dio Presidente Vargas, pr\u00f3ximo dia 7 de fevereiro, no primeiro Cl\u00e1ssico-Rei do ano. O jogo \u00e9 v\u00e1lido pelo Campeonato Cearense 2023. A Secretaria de Seguran\u00e7a P\u00fablica e Defesa Social do Estado (SSPDS) garantiu, em reuni\u00e3o com representantes de Cear\u00e1, Fortaleza e Federa\u00e7\u00e3o Cearense de Futebol, a realiza\u00e7\u00e3o do jogo com a presen\u00e7a das duas torcidas.<\/p>\n\n\n\n<p>A Federa\u00e7\u00e3o Cearense de Futebol assumiu a opera\u00e7\u00e3o do jogo que ter\u00e1 capacidade m\u00e1xima de 12 mil torcedores. A Pol\u00edcia Militar vai montar um esquema de seguran\u00e7a para evitar confrontos entre torcedores rivais no acesso ao PV e tamb\u00e9m nas arquibancadas durante a partida. A PM anuncia como vai funcionar a opera\u00e7\u00e3o de seguran\u00e7a nesta quinta-feira, dia 2 de fevereiro.<\/p>\n\n\n\n<figure class=\"wp-block-image size-full\"><img loading=\"lazy\" decoding=\"async\" width=\"739\" height=\"415\" src=\"https:\/\/blogdorogeriogomes.com.br\/wp-content\/uploads\/2023\/02\/images-1.jpeg\" alt=\"\" class=\"wp-image-28267\" srcset=\"https:\/\/blogdorogeriogomes.com.br\/noticias\/wp-content\/uploads\/2023\/02\/images-1.jpeg 739w, https:\/\/blogdorogeriogomes.com.br\/noticias\/wp-content\/uploads\/2023\/02\/images-1-300x168.jpeg 300w\" sizes=\"auto, (max-width: 739px) 100vw, 739px\" \/><\/figure>\n","protected":false},"excerpt":{"rendered":"<p>As torcidas de Cear\u00e1 e Fortaleza estar\u00e3o presentes no est\u00e1dio Presidente Vargas, pr\u00f3ximo dia 7 de fevereiro, no primeiro Cl\u00e1ssico-Rei do ano. O jogo \u00e9 v\u00e1lido pelo Campeonato Cearense 2023. A Secretaria de Seguran\u00e7a P\u00fablica e Defesa Social do Estado (SSPDS) garantiu, em reuni\u00e3o com representantes de Cear\u00e1, Fortaleza e Federa\u00e7\u00e3o Cearense de Futebol, a realiza\u00e7\u00e3o do jogo com a presen\u00e7a das duas torcidas. A Federa\u00e7\u00e3o Cearense de Futebol assumiu a opera\u00e7\u00e3o do jogo que ter\u00e1 capacidade m\u00e1xima de&hellip;<\/p>\n","protected":false},"author":1,"featured_media":28267,"comment_status":"open","ping_status":"open","sticky":false,"template":"","format":"standard","meta":{"footnotes":""},"categories":[1],"tags":[],"class_list":["post-28266","post","type-post","status-publish","format-standard","has-post-thumbnail","hentry","category-noticias"],"_links":{"self":[{"href":"https:\/\/blogdorogeriogomes.com.br\/noticias\/wp-json\/wp\/v2\/posts\/28266","targetHints":{"allow":["GET"]}}],"collection":[{"href":"https:\/\/blogdorogeriogomes.com.br\/noticias\/wp-json\/wp\/v2\/posts"}],"about":[{"href":"https:\/\/blogdorogeriogomes.com.br\/noticias\/wp-json\/wp\/v2\/types\/post"}],"author":[{"embeddable":true,"href":"https:\/\/blogdorogeriogomes.com.br\/noticias\/wp-json\/wp\/v2\/users\/1"}],"replies":[{"embeddable":true,"href":"https:\/\/blogdorogeriogomes.com.br\/noticias\/wp-json\/wp\/v2\/comments?post=28266"}],"version-history":[{"count":1,"href":"https:\/\/blogdorogeriogomes.com.br\/noticias\/wp-json\/wp\/v2\/posts\/28266\/revisions"}],"predecessor-version":[{"id":28268,"href":"https:\/\/blogdorogeriogomes.com.br\/noticias\/wp-json\/wp\/v2\/posts\/28266\/revisions\/28268"}],"wp:featuredmedia":[{"embeddable":true,"href":"https:\/\/blogdorogeriogomes.com.br\/noticias\/wp-json\/wp\/v2\/media\/28267"}],"wp:attachment":[{"href":"https:\/\/blogdorogeriogomes.com.br\/noticias\/wp-json\/wp\/v2\/media?parent=28266"}],"wp:term":[{"taxonomy":"category","embeddable":true,"href":"https:\/\/blogdorogeriogomes.com.br\/noticias\/wp-json\/wp\/v2\/categories?post=28266"},{"taxonomy":"post_tag","embeddable":true,"href":"https:\/\/blogdorogeriogomes.com.br\/noticias\/wp-json\/wp\/v2\/tags?post=28266"}],"curies":[{"name":"wp","href":"https:\/\/api.w.org\/{rel}","templated":true}]}}