{"id":28278,"date":"2023-02-03T10:14:33","date_gmt":"2023-02-03T10:14:33","guid":{"rendered":"https:\/\/blogdorogeriogomes.com.br\/?p=28278"},"modified":"2023-02-06T12:45:35","modified_gmt":"2023-02-06T12:45:35","slug":"cearense-andre-figueiredo-assume-presidencia-nacional-do-pdt","status":"publish","type":"post","link":"https:\/\/blogdorogeriogomes.com.br\/noticias\/2023\/02\/cearense-andre-figueiredo-assume-presidencia-nacional-do-pdt\/","title":{"rendered":"Cearense Andr\u00e9 Figueiredo assume presid\u00eancia nacional do PDT"},"content":{"rendered":"\n<p>O deputado federal cearense Andr\u00e9 Figueiredo assumiu a presid\u00eancia nacional do PDT em cerim\u00f4nia, nesta quinta-feira, dia 2 de fevereiro, na sede do partido em Bras\u00edlia. \u201cNossa miss\u00e3o agora \u00e9 olhar para 2024 e nos preparar para as elei\u00e7\u00f5es municipais\u201d, disse Andr\u00e9.<\/p>\n\n\n\n<p>O ministro da Previd\u00eancia Social, Carlos Lupi, se licenciou da presid\u00eancia nacional do partido para integrar a equipe de Lula (PT). A mudan\u00e7a vale enquanto Lupi estiver ocupando a fun\u00e7\u00e3o de Ministro de Estado.<\/p>\n\n\n\n<p>No Cear\u00e1, o desafio para Andr\u00e9 Figueiredo ser\u00e1 equilibrar as for\u00e7as do partido que ficaram divididas ap\u00f3s as \u00faltimas elei\u00e7\u00f5es presidenciais e para o Governo do Estado. O grupo ligado ao ex-prefeito de Fortaleza, Roberto Cl\u00e1udio, promete ficar na oposi\u00e7\u00e3o ao governador Elmano de Freitas (PT), enquanto outra parte do partido j\u00e1 se engajou \u00e0 gest\u00e3o do petista.<\/p>\n\n\n\n<figure class=\"wp-block-image size-large\"><img loading=\"lazy\" decoding=\"async\" width=\"1024\" height=\"684\" src=\"https:\/\/blogdorogeriogomes.com.br\/wp-content\/uploads\/2023\/02\/IMG-20230202-WA0134-1024x684.jpg\" alt=\"\" class=\"wp-image-28279\" srcset=\"https:\/\/blogdorogeriogomes.com.br\/noticias\/wp-content\/uploads\/2023\/02\/IMG-20230202-WA0134-1024x684.jpg 1024w, https:\/\/blogdorogeriogomes.com.br\/noticias\/wp-content\/uploads\/2023\/02\/IMG-20230202-WA0134-300x200.jpg 300w, https:\/\/blogdorogeriogomes.com.br\/noticias\/wp-content\/uploads\/2023\/02\/IMG-20230202-WA0134-768x513.jpg 768w, https:\/\/blogdorogeriogomes.com.br\/noticias\/wp-content\/uploads\/2023\/02\/IMG-20230202-WA0134-1536x1025.jpg 1536w, https:\/\/blogdorogeriogomes.com.br\/noticias\/wp-content\/uploads\/2023\/02\/IMG-20230202-WA0134-800x534.jpg 800w, https:\/\/blogdorogeriogomes.com.br\/noticias\/wp-content\/uploads\/2023\/02\/IMG-20230202-WA0134.jpg 1600w\" sizes=\"auto, (max-width: 1024px) 100vw, 1024px\" \/><\/figure>\n\n\n\n<p><\/p>\n\n\n\n<p><\/p>\n","protected":false},"excerpt":{"rendered":"<p>O deputado federal cearense Andr\u00e9 Figueiredo assumiu a presid\u00eancia nacional do PDT em cerim\u00f4nia, nesta quinta-feira, dia 2 de fevereiro, na sede do partido em Bras\u00edlia. \u201cNossa miss\u00e3o agora \u00e9 olhar para 2024 e nos preparar para as elei\u00e7\u00f5es municipais\u201d, disse Andr\u00e9. O ministro da Previd\u00eancia Social, Carlos Lupi, se licenciou da presid\u00eancia nacional do partido para integrar a equipe de Lula (PT). A mudan\u00e7a vale enquanto Lupi estiver ocupando a fun\u00e7\u00e3o de Ministro de Estado. No Cear\u00e1, o&hellip;<\/p>\n","protected":false},"author":1,"featured_media":28279,"comment_status":"open","ping_status":"open","sticky":false,"template":"","format":"standard","meta":{"footnotes":""},"categories":[1],"tags":[],"class_list":["post-28278","post","type-post","status-publish","format-standard","has-post-thumbnail","hentry","category-noticias"],"_links":{"self":[{"href":"https:\/\/blogdorogeriogomes.com.br\/noticias\/wp-json\/wp\/v2\/posts\/28278","targetHints":{"allow":["GET"]}}],"collection":[{"href":"https:\/\/blogdorogeriogomes.com.br\/noticias\/wp-json\/wp\/v2\/posts"}],"about":[{"href":"https:\/\/blogdorogeriogomes.com.br\/noticias\/wp-json\/wp\/v2\/types\/post"}],"author":[{"embeddable":true,"href":"https:\/\/blogdorogeriogomes.com.br\/noticias\/wp-json\/wp\/v2\/users\/1"}],"replies":[{"embeddable":true,"href":"https:\/\/blogdorogeriogomes.com.br\/noticias\/wp-json\/wp\/v2\/comments?post=28278"}],"version-history":[{"count":1,"href":"https:\/\/blogdorogeriogomes.com.br\/noticias\/wp-json\/wp\/v2\/posts\/28278\/revisions"}],"predecessor-version":[{"id":28280,"href":"https:\/\/blogdorogeriogomes.com.br\/noticias\/wp-json\/wp\/v2\/posts\/28278\/revisions\/28280"}],"wp:featuredmedia":[{"embeddable":true,"href":"https:\/\/blogdorogeriogomes.com.br\/noticias\/wp-json\/wp\/v2\/media\/28279"}],"wp:attachment":[{"href":"https:\/\/blogdorogeriogomes.com.br\/noticias\/wp-json\/wp\/v2\/media?parent=28278"}],"wp:term":[{"taxonomy":"category","embeddable":true,"href":"https:\/\/blogdorogeriogomes.com.br\/noticias\/wp-json\/wp\/v2\/categories?post=28278"},{"taxonomy":"post_tag","embeddable":true,"href":"https:\/\/blogdorogeriogomes.com.br\/noticias\/wp-json\/wp\/v2\/tags?post=28278"}],"curies":[{"name":"wp","href":"https:\/\/api.w.org\/{rel}","templated":true}]}}