{"id":28281,"date":"2023-02-03T10:34:42","date_gmt":"2023-02-03T10:34:42","guid":{"rendered":"https:\/\/blogdorogeriogomes.com.br\/?p=28281"},"modified":"2023-02-06T12:45:26","modified_gmt":"2023-02-06T12:45:26","slug":"pre-carnaval-de-fortaleza-entra-hoje-no-seu-terceiro-fim-de-semana-com-programacao-nos-nove-polos","status":"publish","type":"post","link":"https:\/\/blogdorogeriogomes.com.br\/noticias\/2023\/02\/pre-carnaval-de-fortaleza-entra-hoje-no-seu-terceiro-fim-de-semana-com-programacao-nos-nove-polos\/","title":{"rendered":"Pr\u00e9-Carnaval de Fortaleza entra hoje no seu terceiro fim de semana com programa\u00e7\u00e3o nos nove p\u00f3los"},"content":{"rendered":"\n<p>O Pr\u00e9-Carnaval de Fortaleza 2023 entra nesta sexta-feira, dia 3 de fevereiro, no seu terceiro fim de semana. A principal atra\u00e7\u00e3o ser\u00e1 a cantora&nbsp;Mart&#8217;n\u00e1lia, que far\u00e1 show no Aterrinho da Praia de Iracema, no s\u00e1bado, dia 4, ap\u00f3s o cortejo dos blocos que inicia a partir de 16 horas.<\/p>\n\n\n\n<p>Confira a programa\u00e7\u00e3o do terceiro fim de semana do Pr\u00e9-Carnaval de Fortaleza:<\/p>\n\n\n\n<p>Sexta-feira, dia 3 de fevereiro <\/p>\n\n\n\n<p>Pra\u00e7a do Ferreira<br>18 horas: Cal\u00e9 Alencar<br>20 horas:&nbsp;Luxo da Aldeia<\/p>\n\n\n\n<p>Mercado dos Pinh\u00f5es<br>19 horas: Dona Leda<br>20 horas:&nbsp;Transacionais<\/p>\n\n\n\n<p><\/p>\n\n\n\n<p>S\u00e1bado,&nbsp;dia 4 de fevereiro <br>Pra\u00e7a do Ferreira<br>18 horas: Concentra mas n\u00e3o sai<br>20 horas: Yane Caracas<\/p>\n\n\n\n<p>Mercado dos Pinh\u00f5es<br>17 horas: Grupo DTF<br>19 horas: DJ Bruna Queiroz<br>20h30min: Jean Dumont<\/p>\n\n\n\n<p>Polo Mocinha<br>18 horas \u00e0s 22 horas: Bloco Num Ispaia Sin\u00e3o Ienche<\/p>\n\n\n\n<p>Aterrinho Praia de Iracema<br>A partir de 16 horas:<\/p>\n\n\n\n<ul class=\"wp-block-list\"><li>Unidos da Cachorra<\/li><li>Bonde Batuque<\/li><li>Baqueta<\/li><li>Camale\u00f5es do Vila + convidado<\/li><li>DJ Silas Costa<\/li><li>Renato Black<\/li><li>Mart\u2019n\u00e1lia<\/li><\/ul>\n\n\n\n<p>Benfica<br>18&nbsp;horas: Parayba e Banda<br>19h30min: DJ Kinas<br>20h30min: Caravana Cultural<\/p>\n\n\n\n<p>Barra do Cear\u00e1&nbsp;<br>17 horas: Johnny Lima<br>18h30min: Bloco do Mam\u00e3o<\/p>\n\n\n\n<p>Parque Rachel de Queiroz<br>17 horas: Banda Pacote de Biscoito<br>19 horas: Shirlene Aguiar<\/p>\n\n\n\n<p><\/p>\n\n\n\n<p>Domingo,&nbsp;dia 5 de fevereiro <br>Benfica<br>10 horas: L\u00eddia Maria com Bloco Prazer<br>11h30min: DJ Gomes<br>12 horas: Renato Black<br>14 horas: Bloco Mambembe<\/p>\n\n\n\n<p>Polo dos Queijos<br>10 horas:&nbsp;Borogod\u00f3<br>12 horas: Banda Couros e Metais<br>14 horas: B\u00e1rbara Sena e Banda<\/p>\n\n\n\n<p>Passeio P\u00fablico<br>9 horas: Lu Nunes<br>10h30min: Tia Samila e sua Turma<br><\/p>\n\n\n\n<figure class=\"wp-block-image size-full\"><img loading=\"lazy\" decoding=\"async\" width=\"689\" height=\"445\" src=\"https:\/\/blogdorogeriogomes.com.br\/wp-content\/uploads\/2023\/02\/images-3.jpeg\" alt=\"\" class=\"wp-image-28282\" srcset=\"https:\/\/blogdorogeriogomes.com.br\/noticias\/wp-content\/uploads\/2023\/02\/images-3.jpeg 689w, https:\/\/blogdorogeriogomes.com.br\/noticias\/wp-content\/uploads\/2023\/02\/images-3-300x194.jpeg 300w\" sizes=\"auto, (max-width: 689px) 100vw, 689px\" \/><\/figure>\n\n\n\n<p><br><\/p>\n","protected":false},"excerpt":{"rendered":"<p>O Pr\u00e9-Carnaval de Fortaleza 2023 entra nesta sexta-feira, dia 3 de fevereiro, no seu terceiro fim de semana. A principal atra\u00e7\u00e3o ser\u00e1 a cantora&nbsp;Mart&#8217;n\u00e1lia, que far\u00e1 show no Aterrinho da Praia de Iracema, no s\u00e1bado, dia 4, ap\u00f3s o cortejo dos blocos que inicia a partir de 16 horas. Confira a programa\u00e7\u00e3o do terceiro fim de semana do Pr\u00e9-Carnaval de Fortaleza: Sexta-feira, dia 3 de fevereiro Pra\u00e7a do Ferreira18 horas: Cal\u00e9 Alencar20 horas:&nbsp;Luxo da Aldeia Mercado dos Pinh\u00f5es19 horas:&hellip;<\/p>\n","protected":false},"author":1,"featured_media":28282,"comment_status":"open","ping_status":"open","sticky":false,"template":"","format":"standard","meta":{"footnotes":""},"categories":[1],"tags":[],"class_list":["post-28281","post","type-post","status-publish","format-standard","has-post-thumbnail","hentry","category-noticias"],"_links":{"self":[{"href":"https:\/\/blogdorogeriogomes.com.br\/noticias\/wp-json\/wp\/v2\/posts\/28281","targetHints":{"allow":["GET"]}}],"collection":[{"href":"https:\/\/blogdorogeriogomes.com.br\/noticias\/wp-json\/wp\/v2\/posts"}],"about":[{"href":"https:\/\/blogdorogeriogomes.com.br\/noticias\/wp-json\/wp\/v2\/types\/post"}],"author":[{"embeddable":true,"href":"https:\/\/blogdorogeriogomes.com.br\/noticias\/wp-json\/wp\/v2\/users\/1"}],"replies":[{"embeddable":true,"href":"https:\/\/blogdorogeriogomes.com.br\/noticias\/wp-json\/wp\/v2\/comments?post=28281"}],"version-history":[{"count":2,"href":"https:\/\/blogdorogeriogomes.com.br\/noticias\/wp-json\/wp\/v2\/posts\/28281\/revisions"}],"predecessor-version":[{"id":28298,"href":"https:\/\/blogdorogeriogomes.com.br\/noticias\/wp-json\/wp\/v2\/posts\/28281\/revisions\/28298"}],"wp:featuredmedia":[{"embeddable":true,"href":"https:\/\/blogdorogeriogomes.com.br\/noticias\/wp-json\/wp\/v2\/media\/28282"}],"wp:attachment":[{"href":"https:\/\/blogdorogeriogomes.com.br\/noticias\/wp-json\/wp\/v2\/media?parent=28281"}],"wp:term":[{"taxonomy":"category","embeddable":true,"href":"https:\/\/blogdorogeriogomes.com.br\/noticias\/wp-json\/wp\/v2\/categories?post=28281"},{"taxonomy":"post_tag","embeddable":true,"href":"https:\/\/blogdorogeriogomes.com.br\/noticias\/wp-json\/wp\/v2\/tags?post=28281"}],"curies":[{"name":"wp","href":"https:\/\/api.w.org\/{rel}","templated":true}]}}