{"id":28287,"date":"2023-02-03T11:15:53","date_gmt":"2023-02-03T11:15:53","guid":{"rendered":"https:\/\/blogdorogeriogomes.com.br\/?p=28287"},"modified":"2023-02-06T12:44:59","modified_gmt":"2023-02-06T12:44:59","slug":"augusta-brito-e-empossada-como-senadora-na-vaga-de-camilo-santana","status":"publish","type":"post","link":"https:\/\/blogdorogeriogomes.com.br\/noticias\/2023\/02\/augusta-brito-e-empossada-como-senadora-na-vaga-de-camilo-santana\/","title":{"rendered":"Augusta Brito \u00e9 empossada como senadora na vaga de Camilo Santana"},"content":{"rendered":"\n<p>A ex-deputada estadual Augusta Brito (PT) foi empossada como senadora na vaga de Camilo Santana (PT), que volta a ocupar o cargo de ministro da Educa\u00e7\u00e3o. Augusta Brito \u00e9 a primeira suplente de Camilo Santana. A posse aconteceu nesta quinta-feira, dia 2 de fevereiro, e foi prestigiada por v\u00e1rios pol\u00edticos cearenses como o governador Elmano de Freitas (PT), o presidente da Assembleia Legislativa do Cear\u00e1, Evandro Leit\u00e3o (PDT), o senador Cid Gomes (PDT) e o pr\u00f3prio Camilo Santana. O presidente do Senado, Rodrigo Pacheco, recepcionou os convidados.<\/p>\n\n\n\n<p>&#8220;Muito alegria em ter voc\u00eas comigo nesse momento t\u00e3o importante. Reafirmo meu compromisso em defesa da democracia, do direito das mulheres e das minorias. Esse mandato n\u00e3o \u00e9 meu, \u00e9 nosso!&#8221;, disse a nova senadora cearense Augusta Brito.<\/p>\n\n\n\n<figure class=\"wp-block-image size-large\"><img loading=\"lazy\" decoding=\"async\" width=\"1024\" height=\"770\" src=\"https:\/\/blogdorogeriogomes.com.br\/wp-content\/uploads\/2023\/02\/IMG-20230203-WA0013-1024x770.jpg\" alt=\"\" class=\"wp-image-28288\" srcset=\"https:\/\/blogdorogeriogomes.com.br\/noticias\/wp-content\/uploads\/2023\/02\/IMG-20230203-WA0013-1024x770.jpg 1024w, https:\/\/blogdorogeriogomes.com.br\/noticias\/wp-content\/uploads\/2023\/02\/IMG-20230203-WA0013-300x226.jpg 300w, https:\/\/blogdorogeriogomes.com.br\/noticias\/wp-content\/uploads\/2023\/02\/IMG-20230203-WA0013-768x577.jpg 768w, https:\/\/blogdorogeriogomes.com.br\/noticias\/wp-content\/uploads\/2023\/02\/IMG-20230203-WA0013-800x601.jpg 800w, https:\/\/blogdorogeriogomes.com.br\/noticias\/wp-content\/uploads\/2023\/02\/IMG-20230203-WA0013-400x300.jpg 400w, https:\/\/blogdorogeriogomes.com.br\/noticias\/wp-content\/uploads\/2023\/02\/IMG-20230203-WA0013.jpg 1080w\" sizes=\"auto, (max-width: 1024px) 100vw, 1024px\" \/><\/figure>\n","protected":false},"excerpt":{"rendered":"<p>A ex-deputada estadual Augusta Brito (PT) foi empossada como senadora na vaga de Camilo Santana (PT), que volta a ocupar o cargo de ministro da Educa\u00e7\u00e3o. Augusta Brito \u00e9 a primeira suplente de Camilo Santana. A posse aconteceu nesta quinta-feira, dia 2 de fevereiro, e foi prestigiada por v\u00e1rios pol\u00edticos cearenses como o governador Elmano de Freitas (PT), o presidente da Assembleia Legislativa do Cear\u00e1, Evandro Leit\u00e3o (PDT), o senador Cid Gomes (PDT) e o pr\u00f3prio Camilo Santana. O&hellip;<\/p>\n","protected":false},"author":1,"featured_media":28288,"comment_status":"open","ping_status":"open","sticky":false,"template":"","format":"standard","meta":{"footnotes":""},"categories":[1],"tags":[],"class_list":["post-28287","post","type-post","status-publish","format-standard","has-post-thumbnail","hentry","category-noticias"],"_links":{"self":[{"href":"https:\/\/blogdorogeriogomes.com.br\/noticias\/wp-json\/wp\/v2\/posts\/28287","targetHints":{"allow":["GET"]}}],"collection":[{"href":"https:\/\/blogdorogeriogomes.com.br\/noticias\/wp-json\/wp\/v2\/posts"}],"about":[{"href":"https:\/\/blogdorogeriogomes.com.br\/noticias\/wp-json\/wp\/v2\/types\/post"}],"author":[{"embeddable":true,"href":"https:\/\/blogdorogeriogomes.com.br\/noticias\/wp-json\/wp\/v2\/users\/1"}],"replies":[{"embeddable":true,"href":"https:\/\/blogdorogeriogomes.com.br\/noticias\/wp-json\/wp\/v2\/comments?post=28287"}],"version-history":[{"count":2,"href":"https:\/\/blogdorogeriogomes.com.br\/noticias\/wp-json\/wp\/v2\/posts\/28287\/revisions"}],"predecessor-version":[{"id":28290,"href":"https:\/\/blogdorogeriogomes.com.br\/noticias\/wp-json\/wp\/v2\/posts\/28287\/revisions\/28290"}],"wp:featuredmedia":[{"embeddable":true,"href":"https:\/\/blogdorogeriogomes.com.br\/noticias\/wp-json\/wp\/v2\/media\/28288"}],"wp:attachment":[{"href":"https:\/\/blogdorogeriogomes.com.br\/noticias\/wp-json\/wp\/v2\/media?parent=28287"}],"wp:term":[{"taxonomy":"category","embeddable":true,"href":"https:\/\/blogdorogeriogomes.com.br\/noticias\/wp-json\/wp\/v2\/categories?post=28287"},{"taxonomy":"post_tag","embeddable":true,"href":"https:\/\/blogdorogeriogomes.com.br\/noticias\/wp-json\/wp\/v2\/tags?post=28287"}],"curies":[{"name":"wp","href":"https:\/\/api.w.org\/{rel}","templated":true}]}}