{"id":28300,"date":"2023-02-06T14:55:32","date_gmt":"2023-02-06T14:55:32","guid":{"rendered":"https:\/\/blogdorogeriogomes.com.br\/?p=28300"},"modified":"2023-02-08T18:45:53","modified_gmt":"2023-02-08T18:45:53","slug":"capitao-wagner-assume-secretaria-de-saude-de-maracanau","status":"publish","type":"post","link":"https:\/\/blogdorogeriogomes.com.br\/noticias\/2023\/02\/capitao-wagner-assume-secretaria-de-saude-de-maracanau\/","title":{"rendered":"Capit\u00e3o Wagner assume Secretaria de Sa\u00fade de Maracana\u00fa"},"content":{"rendered":"\n<p>O ex-deputado federal Capit\u00e3o Wagner (Uni\u00e3o Brasil) foi empossado nesta segunda-feira, dia 6 de fevereiro, pelo prefeito Roberto Pessoa como novo secret\u00e1rio de Sa\u00fade de Maracana\u00fa, na Regi\u00e3o Metropolitana de Fortaleza.<\/p>\n\n\n\n<p>A posse de Capit\u00e3o Wagner na Secretaria de Sa\u00fade de Maracana\u00fa foi bastante concorrida, com a presen\u00e7a de muitas autoridades e aliados pol\u00edticos. Wagner aceitou o convite do prefeito do munic\u00edpio, Roberto Pessoa, para assumir um dos setores que recebem muitas cobran\u00e7as da popula\u00e7\u00e3o.<\/p>\n\n\n\n<p>Mesmo sem forma\u00e7\u00e3o e experi\u00eancia na \u00e1rea de sa\u00fade, Capit\u00e3o Wagner garante que vai se dedicar \u00e0 primeira experi\u00eancia como gestor p\u00fablico.<\/p>\n\n\n\n<p>Candidato derrotado na disputa pelo Governo do Estado no ano passado, Capit\u00e3o Wagner n\u00e3o descarta voltar disputar um cargo eletivo em 2024. E nos planos pode estar a Prefeitura de Fortaleza.<\/p>\n\n\n\n<figure class=\"wp-block-image size-large\"><img loading=\"lazy\" decoding=\"async\" width=\"1024\" height=\"768\" src=\"https:\/\/blogdorogeriogomes.com.br\/wp-content\/uploads\/2023\/02\/IMG_20230206_102431767-1024x768.jpg\" alt=\"\" class=\"wp-image-28301\" srcset=\"https:\/\/blogdorogeriogomes.com.br\/noticias\/wp-content\/uploads\/2023\/02\/IMG_20230206_102431767-1024x768.jpg 1024w, https:\/\/blogdorogeriogomes.com.br\/noticias\/wp-content\/uploads\/2023\/02\/IMG_20230206_102431767-300x225.jpg 300w, https:\/\/blogdorogeriogomes.com.br\/noticias\/wp-content\/uploads\/2023\/02\/IMG_20230206_102431767-768x576.jpg 768w, https:\/\/blogdorogeriogomes.com.br\/noticias\/wp-content\/uploads\/2023\/02\/IMG_20230206_102431767-1536x1152.jpg 1536w, https:\/\/blogdorogeriogomes.com.br\/noticias\/wp-content\/uploads\/2023\/02\/IMG_20230206_102431767-2048x1536.jpg 2048w, https:\/\/blogdorogeriogomes.com.br\/noticias\/wp-content\/uploads\/2023\/02\/IMG_20230206_102431767-800x600.jpg 800w, https:\/\/blogdorogeriogomes.com.br\/noticias\/wp-content\/uploads\/2023\/02\/IMG_20230206_102431767-400x300.jpg 400w\" sizes=\"auto, (max-width: 1024px) 100vw, 1024px\" \/><\/figure>\n","protected":false},"excerpt":{"rendered":"<p>O ex-deputado federal Capit\u00e3o Wagner (Uni\u00e3o Brasil) foi empossado nesta segunda-feira, dia 6 de fevereiro, pelo prefeito Roberto Pessoa como novo secret\u00e1rio de Sa\u00fade de Maracana\u00fa, na Regi\u00e3o Metropolitana de Fortaleza. A posse de Capit\u00e3o Wagner na Secretaria de Sa\u00fade de Maracana\u00fa foi bastante concorrida, com a presen\u00e7a de muitas autoridades e aliados pol\u00edticos. Wagner aceitou o convite do prefeito do munic\u00edpio, Roberto Pessoa, para assumir um dos setores que recebem muitas cobran\u00e7as da popula\u00e7\u00e3o. Mesmo sem forma\u00e7\u00e3o e&hellip;<\/p>\n","protected":false},"author":1,"featured_media":28301,"comment_status":"open","ping_status":"open","sticky":false,"template":"","format":"standard","meta":{"footnotes":""},"categories":[1],"tags":[],"class_list":["post-28300","post","type-post","status-publish","format-standard","has-post-thumbnail","hentry","category-noticias"],"_links":{"self":[{"href":"https:\/\/blogdorogeriogomes.com.br\/noticias\/wp-json\/wp\/v2\/posts\/28300","targetHints":{"allow":["GET"]}}],"collection":[{"href":"https:\/\/blogdorogeriogomes.com.br\/noticias\/wp-json\/wp\/v2\/posts"}],"about":[{"href":"https:\/\/blogdorogeriogomes.com.br\/noticias\/wp-json\/wp\/v2\/types\/post"}],"author":[{"embeddable":true,"href":"https:\/\/blogdorogeriogomes.com.br\/noticias\/wp-json\/wp\/v2\/users\/1"}],"replies":[{"embeddable":true,"href":"https:\/\/blogdorogeriogomes.com.br\/noticias\/wp-json\/wp\/v2\/comments?post=28300"}],"version-history":[{"count":1,"href":"https:\/\/blogdorogeriogomes.com.br\/noticias\/wp-json\/wp\/v2\/posts\/28300\/revisions"}],"predecessor-version":[{"id":28302,"href":"https:\/\/blogdorogeriogomes.com.br\/noticias\/wp-json\/wp\/v2\/posts\/28300\/revisions\/28302"}],"wp:featuredmedia":[{"embeddable":true,"href":"https:\/\/blogdorogeriogomes.com.br\/noticias\/wp-json\/wp\/v2\/media\/28301"}],"wp:attachment":[{"href":"https:\/\/blogdorogeriogomes.com.br\/noticias\/wp-json\/wp\/v2\/media?parent=28300"}],"wp:term":[{"taxonomy":"category","embeddable":true,"href":"https:\/\/blogdorogeriogomes.com.br\/noticias\/wp-json\/wp\/v2\/categories?post=28300"},{"taxonomy":"post_tag","embeddable":true,"href":"https:\/\/blogdorogeriogomes.com.br\/noticias\/wp-json\/wp\/v2\/tags?post=28300"}],"curies":[{"name":"wp","href":"https:\/\/api.w.org\/{rel}","templated":true}]}}