{"id":28306,"date":"2023-02-06T23:52:27","date_gmt":"2023-02-06T23:52:27","guid":{"rendered":"https:\/\/blogdorogeriogomes.com.br\/?p=28306"},"modified":"2023-02-08T18:45:36","modified_gmt":"2023-02-08T18:45:36","slug":"prefeito-atila-camara-lanca-programa-sementes-do-amanha-em-maranguape","status":"publish","type":"post","link":"https:\/\/blogdorogeriogomes.com.br\/noticias\/2023\/02\/prefeito-atila-camara-lanca-programa-sementes-do-amanha-em-maranguape\/","title":{"rendered":"Prefeito \u00c1tila C\u00e2mara lan\u00e7a Programa Sementes do Amanh\u00e3 em Maranguape"},"content":{"rendered":"\n<p>Foi lan\u00e7ando oficialmente, no \u00faltimo fim de semana, em Maranguape, o Programa Sementes do Amanh\u00e3, com presen\u00e7a do Secret\u00e1rio do Esporte do Estado do Cear\u00e1, Rog\u00e9rio Pinheiro. Sementes do Amanh\u00e3 \u00e9 um projeto s\u00f3cio-esportivo que ser\u00e1 desenvolvido no munic\u00edpio da Regi\u00e3o Metropolitana de Fortaleza. Essa iniciativa parte de um olhar sens\u00edvel sobre as escolinhas comunit\u00e1rias, reconhecendo nelas sua pot\u00eancia transformadora.<\/p>\n\n\n\n<p>O secret\u00e1rio do Esporte do Cear\u00e1, Rog\u00e9rio Pinheiro, pontua que iniciativa tem por objetivo democratizar o acesso \u00e0 pr\u00e1tica e \u00e0 cultura do esporte promovendo o desenvolvimento integral de crian\u00e7as e adolescentes, como fator de forma\u00e7\u00e3o da cidadania e melhoria da qualidade de vida. \u201cO Programa Sementes do Amanh\u00e3 visa ocupar o tempo ocioso desse p\u00fablico, oferecendo, no contra turno escolar, atividades esportivas sob orienta\u00e7\u00e3o de coordenadores e monitores esportivos\u201d, destacou Rog\u00e9rio Pinheiro.<\/p>\n\n\n\n<p>De acordo com o prefeito \u00c1tila Camara, Sementes do Amanh\u00e3 acolhe os projetos sociais existentes nas comunidades e cria novas escolinhas, permitindo que a pr\u00e1tica do esporte chegue em cada canto do munic\u00edpio. S\u00e3o mais de 1600 crian\u00e7as e adolescentes assistidas pelo projeto, em 5 modalidades: futebol, futsal, v\u00f4lei, basquete e handebol. Dessa forma, o projeto busca democratizar o acesso ao esporte, promovendo inclus\u00e3o e transforma\u00e7\u00e3o social.<\/p>\n\n\n\n<p>\u201cLan\u00e7amos nesse s\u00e1bado em Maranguape, o Programa Sementes do Amanh\u00e3. Um projeto de escolinhas, cidadania e monitoria esportivas para mais de 1600 crian\u00e7as inicialmente. Na meta \u00e9 atender mais de tr\u00eas mil crian\u00e7as no final. Sem d\u00favida alguma \u00e9 um projeto muito impactante que tem liga\u00e7\u00e3o com a escolas e equipamento p\u00fablico. Que queremos ajudar essas crian\u00e7as a ter uma Vida melhor em todos os aspectos\u201d, concluiu o prefeito de Maranguape.<\/p>\n\n\n\n<figure class=\"wp-block-image size-large\"><img loading=\"lazy\" decoding=\"async\" width=\"1024\" height=\"768\" src=\"https:\/\/blogdorogeriogomes.com.br\/wp-content\/uploads\/2023\/02\/IMG-20230204-WA0033-1024x768.jpg\" alt=\"\" class=\"wp-image-28307\" srcset=\"https:\/\/blogdorogeriogomes.com.br\/noticias\/wp-content\/uploads\/2023\/02\/IMG-20230204-WA0033-1024x768.jpg 1024w, https:\/\/blogdorogeriogomes.com.br\/noticias\/wp-content\/uploads\/2023\/02\/IMG-20230204-WA0033-300x225.jpg 300w, https:\/\/blogdorogeriogomes.com.br\/noticias\/wp-content\/uploads\/2023\/02\/IMG-20230204-WA0033-768x576.jpg 768w, https:\/\/blogdorogeriogomes.com.br\/noticias\/wp-content\/uploads\/2023\/02\/IMG-20230204-WA0033-1536x1152.jpg 1536w, https:\/\/blogdorogeriogomes.com.br\/noticias\/wp-content\/uploads\/2023\/02\/IMG-20230204-WA0033-800x600.jpg 800w, https:\/\/blogdorogeriogomes.com.br\/noticias\/wp-content\/uploads\/2023\/02\/IMG-20230204-WA0033-400x300.jpg 400w, https:\/\/blogdorogeriogomes.com.br\/noticias\/wp-content\/uploads\/2023\/02\/IMG-20230204-WA0033.jpg 1600w\" sizes=\"auto, (max-width: 1024px) 100vw, 1024px\" \/><\/figure>\n","protected":false},"excerpt":{"rendered":"<p>Foi lan\u00e7ando oficialmente, no \u00faltimo fim de semana, em Maranguape, o Programa Sementes do Amanh\u00e3, com presen\u00e7a do Secret\u00e1rio do Esporte do Estado do Cear\u00e1, Rog\u00e9rio Pinheiro. Sementes do Amanh\u00e3 \u00e9 um projeto s\u00f3cio-esportivo que ser\u00e1 desenvolvido no munic\u00edpio da Regi\u00e3o Metropolitana de Fortaleza. Essa iniciativa parte de um olhar sens\u00edvel sobre as escolinhas comunit\u00e1rias, reconhecendo nelas sua pot\u00eancia transformadora. O secret\u00e1rio do Esporte do Cear\u00e1, Rog\u00e9rio Pinheiro, pontua que iniciativa tem por objetivo democratizar o acesso \u00e0 pr\u00e1tica&hellip;<\/p>\n","protected":false},"author":1,"featured_media":28307,"comment_status":"open","ping_status":"open","sticky":false,"template":"","format":"standard","meta":{"footnotes":""},"categories":[1],"tags":[],"class_list":["post-28306","post","type-post","status-publish","format-standard","has-post-thumbnail","hentry","category-noticias"],"_links":{"self":[{"href":"https:\/\/blogdorogeriogomes.com.br\/noticias\/wp-json\/wp\/v2\/posts\/28306","targetHints":{"allow":["GET"]}}],"collection":[{"href":"https:\/\/blogdorogeriogomes.com.br\/noticias\/wp-json\/wp\/v2\/posts"}],"about":[{"href":"https:\/\/blogdorogeriogomes.com.br\/noticias\/wp-json\/wp\/v2\/types\/post"}],"author":[{"embeddable":true,"href":"https:\/\/blogdorogeriogomes.com.br\/noticias\/wp-json\/wp\/v2\/users\/1"}],"replies":[{"embeddable":true,"href":"https:\/\/blogdorogeriogomes.com.br\/noticias\/wp-json\/wp\/v2\/comments?post=28306"}],"version-history":[{"count":1,"href":"https:\/\/blogdorogeriogomes.com.br\/noticias\/wp-json\/wp\/v2\/posts\/28306\/revisions"}],"predecessor-version":[{"id":28308,"href":"https:\/\/blogdorogeriogomes.com.br\/noticias\/wp-json\/wp\/v2\/posts\/28306\/revisions\/28308"}],"wp:featuredmedia":[{"embeddable":true,"href":"https:\/\/blogdorogeriogomes.com.br\/noticias\/wp-json\/wp\/v2\/media\/28307"}],"wp:attachment":[{"href":"https:\/\/blogdorogeriogomes.com.br\/noticias\/wp-json\/wp\/v2\/media?parent=28306"}],"wp:term":[{"taxonomy":"category","embeddable":true,"href":"https:\/\/blogdorogeriogomes.com.br\/noticias\/wp-json\/wp\/v2\/categories?post=28306"},{"taxonomy":"post_tag","embeddable":true,"href":"https:\/\/blogdorogeriogomes.com.br\/noticias\/wp-json\/wp\/v2\/tags?post=28306"}],"curies":[{"name":"wp","href":"https:\/\/api.w.org\/{rel}","templated":true}]}}