{"id":28309,"date":"2023-02-07T00:06:03","date_gmt":"2023-02-07T00:06:03","guid":{"rendered":"https:\/\/blogdorogeriogomes.com.br\/?p=28309"},"modified":"2023-02-08T18:45:06","modified_gmt":"2023-02-08T18:45:06","slug":"elmano-de-freitas-reune-deputados-da-base-para-apresentar-projetos-prioritarios-para-o-ceara","status":"publish","type":"post","link":"https:\/\/blogdorogeriogomes.com.br\/noticias\/2023\/02\/elmano-de-freitas-reune-deputados-da-base-para-apresentar-projetos-prioritarios-para-o-ceara\/","title":{"rendered":"Elmano de Freitas re\u00fane deputados da base para apresentar projetos priorit\u00e1rios para o Cear\u00e1"},"content":{"rendered":"\n<p>O governador do Cear\u00e1, Elmano de Freitas, reuniu nesta segunda-feira, dia 6 de fevereiro, mais de 30 deputados estaduais da base governista na Assembleia Legislativa, al\u00e9m da vice-governadora Jade Romero e secret\u00e1rios de Estado. Na pauta, as mensagens que o Executivo est\u00e1 encaminhando para a Casa tratando, entre outros assuntos, da reforma administrativa e do mutir\u00e3o de cirurgias eletivas. &#8220;Momento de mostrar que estamos em constante di\u00e1logo com os parlamentares para que, juntos, possamos desenvolver projetos que promovam o desenvolvimento do nosso estado, sempre com o olhar mais atento para a popula\u00e7\u00e3o mais carente&#8221;, destacou Elmano de Freitas.<\/p>\n\n\n\n<p>Tamb\u00e9m estiveram presentes no encontro,  no Pal\u00e1cio da Aboli\u00e7\u00e3o, deputados de partidos como o PSD e o Uni\u00e3o Brasil que seguem em posi\u00e7\u00e3o de independ\u00eancia na Assembleia Legislativa.<\/p>\n\n\n\n<figure class=\"wp-block-image size-large\"><img loading=\"lazy\" decoding=\"async\" width=\"1024\" height=\"683\" src=\"https:\/\/blogdorogeriogomes.com.br\/wp-content\/uploads\/2023\/02\/IMG-20230206-WA0106-1024x683.jpg\" alt=\"\" class=\"wp-image-28310\" srcset=\"https:\/\/blogdorogeriogomes.com.br\/noticias\/wp-content\/uploads\/2023\/02\/IMG-20230206-WA0106-1024x683.jpg 1024w, https:\/\/blogdorogeriogomes.com.br\/noticias\/wp-content\/uploads\/2023\/02\/IMG-20230206-WA0106-300x200.jpg 300w, https:\/\/blogdorogeriogomes.com.br\/noticias\/wp-content\/uploads\/2023\/02\/IMG-20230206-WA0106-768x512.jpg 768w, https:\/\/blogdorogeriogomes.com.br\/noticias\/wp-content\/uploads\/2023\/02\/IMG-20230206-WA0106-800x534.jpg 800w, https:\/\/blogdorogeriogomes.com.br\/noticias\/wp-content\/uploads\/2023\/02\/IMG-20230206-WA0106.jpg 1066w\" sizes=\"auto, (max-width: 1024px) 100vw, 1024px\" \/><\/figure>\n","protected":false},"excerpt":{"rendered":"<p>O governador do Cear\u00e1, Elmano de Freitas, reuniu nesta segunda-feira, dia 6 de fevereiro, mais de 30 deputados estaduais da base governista na Assembleia Legislativa, al\u00e9m da vice-governadora Jade Romero e secret\u00e1rios de Estado. Na pauta, as mensagens que o Executivo est\u00e1 encaminhando para a Casa tratando, entre outros assuntos, da reforma administrativa e do mutir\u00e3o de cirurgias eletivas. &#8220;Momento de mostrar que estamos em constante di\u00e1logo com os parlamentares para que, juntos, possamos desenvolver projetos que promovam o&hellip;<\/p>\n","protected":false},"author":1,"featured_media":28310,"comment_status":"open","ping_status":"open","sticky":false,"template":"","format":"standard","meta":{"footnotes":""},"categories":[1],"tags":[],"class_list":["post-28309","post","type-post","status-publish","format-standard","has-post-thumbnail","hentry","category-noticias"],"_links":{"self":[{"href":"https:\/\/blogdorogeriogomes.com.br\/noticias\/wp-json\/wp\/v2\/posts\/28309","targetHints":{"allow":["GET"]}}],"collection":[{"href":"https:\/\/blogdorogeriogomes.com.br\/noticias\/wp-json\/wp\/v2\/posts"}],"about":[{"href":"https:\/\/blogdorogeriogomes.com.br\/noticias\/wp-json\/wp\/v2\/types\/post"}],"author":[{"embeddable":true,"href":"https:\/\/blogdorogeriogomes.com.br\/noticias\/wp-json\/wp\/v2\/users\/1"}],"replies":[{"embeddable":true,"href":"https:\/\/blogdorogeriogomes.com.br\/noticias\/wp-json\/wp\/v2\/comments?post=28309"}],"version-history":[{"count":1,"href":"https:\/\/blogdorogeriogomes.com.br\/noticias\/wp-json\/wp\/v2\/posts\/28309\/revisions"}],"predecessor-version":[{"id":28311,"href":"https:\/\/blogdorogeriogomes.com.br\/noticias\/wp-json\/wp\/v2\/posts\/28309\/revisions\/28311"}],"wp:featuredmedia":[{"embeddable":true,"href":"https:\/\/blogdorogeriogomes.com.br\/noticias\/wp-json\/wp\/v2\/media\/28310"}],"wp:attachment":[{"href":"https:\/\/blogdorogeriogomes.com.br\/noticias\/wp-json\/wp\/v2\/media?parent=28309"}],"wp:term":[{"taxonomy":"category","embeddable":true,"href":"https:\/\/blogdorogeriogomes.com.br\/noticias\/wp-json\/wp\/v2\/categories?post=28309"},{"taxonomy":"post_tag","embeddable":true,"href":"https:\/\/blogdorogeriogomes.com.br\/noticias\/wp-json\/wp\/v2\/tags?post=28309"}],"curies":[{"name":"wp","href":"https:\/\/api.w.org\/{rel}","templated":true}]}}