{"id":28312,"date":"2023-02-07T09:24:04","date_gmt":"2023-02-07T09:24:04","guid":{"rendered":"https:\/\/blogdorogeriogomes.com.br\/?p=28312"},"modified":"2023-02-08T18:44:58","modified_gmt":"2023-02-08T18:44:58","slug":"parque-rio-branco-em-fortaleza-passara-por-reforma-ainda-neste-semestre","status":"publish","type":"post","link":"https:\/\/blogdorogeriogomes.com.br\/noticias\/2023\/02\/parque-rio-branco-em-fortaleza-passara-por-reforma-ainda-neste-semestre\/","title":{"rendered":"Parque Rio Branco em Fortaleza passar\u00e1 por reforma ainda neste semestre"},"content":{"rendered":"\n<p>A Prefeitura de Fortaleza finalizou o processo licitat\u00f3rio para a reforma do Parque Rio Branco, no Bairro Joaquim T\u00e1vora. As obras est\u00e3o previstas para come\u00e7ar ainda neste primeiro semestre, com dura\u00e7\u00e3o de 13 meses. O total investido para a revitaliza\u00e7\u00e3o do locar \u00e9 de R$ 4,8 milh\u00f5es.<\/p>\n\n\n\n<p>O Parque Rio Branco existe desde 1976 e \u00e9 um importante ref\u00fagio verde na cidade, de conflu\u00eancia entre os Bairros S\u00e3o Jo\u00e3o do Tauape, Joaquim T\u00e1vora, Dion\u00edsio Torres, Jos\u00e9 Bonif\u00e1cio e Bairro de F\u00e1tima.<\/p>\n\n\n\n<p>A &nbsp;reforma conduzida pela Secretaria de Infraestrutura (Seinf), prev\u00ea melhorias em pisos, paisagismo, \u00e1reas de pra\u00e7a, acessos ao parque, ciclorrotas, al\u00e9m de pet place, reforma do anfiteatro, academia ao ar livre, parque infantil e outros servi\u00e7os.&nbsp;<\/p>\n\n\n\n<figure class=\"wp-block-image size-full\"><img loading=\"lazy\" decoding=\"async\" width=\"640\" height=\"480\" src=\"https:\/\/blogdorogeriogomes.com.br\/wp-content\/uploads\/2023\/02\/images-6.jpeg\" alt=\"\" class=\"wp-image-28313\" srcset=\"https:\/\/blogdorogeriogomes.com.br\/noticias\/wp-content\/uploads\/2023\/02\/images-6.jpeg 640w, https:\/\/blogdorogeriogomes.com.br\/noticias\/wp-content\/uploads\/2023\/02\/images-6-300x225.jpeg 300w, https:\/\/blogdorogeriogomes.com.br\/noticias\/wp-content\/uploads\/2023\/02\/images-6-400x300.jpeg 400w\" sizes=\"auto, (max-width: 640px) 100vw, 640px\" \/><\/figure>\n","protected":false},"excerpt":{"rendered":"<p>A Prefeitura de Fortaleza finalizou o processo licitat\u00f3rio para a reforma do Parque Rio Branco, no Bairro Joaquim T\u00e1vora. As obras est\u00e3o previstas para come\u00e7ar ainda neste primeiro semestre, com dura\u00e7\u00e3o de 13 meses. O total investido para a revitaliza\u00e7\u00e3o do locar \u00e9 de R$ 4,8 milh\u00f5es. O Parque Rio Branco existe desde 1976 e \u00e9 um importante ref\u00fagio verde na cidade, de conflu\u00eancia entre os Bairros S\u00e3o Jo\u00e3o do Tauape, Joaquim T\u00e1vora, Dion\u00edsio Torres, Jos\u00e9 Bonif\u00e1cio e Bairro&hellip;<\/p>\n","protected":false},"author":1,"featured_media":28313,"comment_status":"open","ping_status":"open","sticky":false,"template":"","format":"standard","meta":{"footnotes":""},"categories":[1],"tags":[],"class_list":["post-28312","post","type-post","status-publish","format-standard","has-post-thumbnail","hentry","category-noticias"],"_links":{"self":[{"href":"https:\/\/blogdorogeriogomes.com.br\/noticias\/wp-json\/wp\/v2\/posts\/28312","targetHints":{"allow":["GET"]}}],"collection":[{"href":"https:\/\/blogdorogeriogomes.com.br\/noticias\/wp-json\/wp\/v2\/posts"}],"about":[{"href":"https:\/\/blogdorogeriogomes.com.br\/noticias\/wp-json\/wp\/v2\/types\/post"}],"author":[{"embeddable":true,"href":"https:\/\/blogdorogeriogomes.com.br\/noticias\/wp-json\/wp\/v2\/users\/1"}],"replies":[{"embeddable":true,"href":"https:\/\/blogdorogeriogomes.com.br\/noticias\/wp-json\/wp\/v2\/comments?post=28312"}],"version-history":[{"count":2,"href":"https:\/\/blogdorogeriogomes.com.br\/noticias\/wp-json\/wp\/v2\/posts\/28312\/revisions"}],"predecessor-version":[{"id":28330,"href":"https:\/\/blogdorogeriogomes.com.br\/noticias\/wp-json\/wp\/v2\/posts\/28312\/revisions\/28330"}],"wp:featuredmedia":[{"embeddable":true,"href":"https:\/\/blogdorogeriogomes.com.br\/noticias\/wp-json\/wp\/v2\/media\/28313"}],"wp:attachment":[{"href":"https:\/\/blogdorogeriogomes.com.br\/noticias\/wp-json\/wp\/v2\/media?parent=28312"}],"wp:term":[{"taxonomy":"category","embeddable":true,"href":"https:\/\/blogdorogeriogomes.com.br\/noticias\/wp-json\/wp\/v2\/categories?post=28312"},{"taxonomy":"post_tag","embeddable":true,"href":"https:\/\/blogdorogeriogomes.com.br\/noticias\/wp-json\/wp\/v2\/tags?post=28312"}],"curies":[{"name":"wp","href":"https:\/\/api.w.org\/{rel}","templated":true}]}}