{"id":28315,"date":"2023-02-07T09:53:12","date_gmt":"2023-02-07T09:53:12","guid":{"rendered":"https:\/\/blogdorogeriogomes.com.br\/?p=28315"},"modified":"2023-02-08T18:44:48","modified_gmt":"2023-02-08T18:44:48","slug":"lula-viaja-na-quinta-feira-para-encontro-com-joe-biden-nos-estados-unidos","status":"publish","type":"post","link":"https:\/\/blogdorogeriogomes.com.br\/noticias\/2023\/02\/lula-viaja-na-quinta-feira-para-encontro-com-joe-biden-nos-estados-unidos\/","title":{"rendered":"Lula viaja na quinta-feira para encontro com Joe Biden nos Estados Unidos"},"content":{"rendered":"\n<p>O presidente Lula (PT) viaja nesta quinta-feira, dia 9 de fevereiro, para os Estados Unidos onde ter\u00e1 um encontro com o presidente norte-americano Joe Biden. Temas importantes est\u00e3o agendados para o encontro como a defesa da democracia, a guerra entre R\u00fassia e Ucr\u00e2nia e novas parcerias econ\u00f4micas envolvendo o Brasil e os EUA.<\/p>\n\n\n\n<p>Lula deve debater com Biden o crescimento da extrema-direita no mundo que resultaram em epis\u00f3dios como o ataque ao Capit\u00f3lio, nos Estados Unidos, em 2021, e contra a Pra\u00e7a dos Tr\u00eas Poderes, em Bras\u00edlia, em janeiro deste ano.<\/p>\n\n\n\n<p>Em tempo. Ainda vivendo uma temporada de f\u00e9rias na Fl\u00f3rida, o ex-presidente Jair Bolsonaro (PL) disse que poder\u00e1 retornar ao Brasil nas pr\u00f3ximas semanas. Nos EUA, h\u00e1 um claro sentimento entre importantes senadores democratas e membros da C\u00e2mara dos Deputados de que Bolsonaro n\u00e3o deve permanecer no pa\u00eds por sua suposta participa\u00e7\u00e3o em tentativas de golpe de Estado contra o presidente Lula. Se retornar ao Brasil, Bolsonaro ter\u00e1 muitas contas a acertar com a Justi\u00e7a por malfeitos de seu governo.<\/p>\n\n\n\n<figure class=\"wp-block-image size-full\"><img loading=\"lazy\" decoding=\"async\" width=\"450\" height=\"337\" src=\"https:\/\/blogdorogeriogomes.com.br\/wp-content\/uploads\/2023\/02\/o-presidente-eleito-luiz-inacio-lula-da-silva-pt-e-o-presidente-dos-eua-joe-biden-1667252968831_v2_450x337.jpg.webp\" alt=\"\" class=\"wp-image-28316\" srcset=\"https:\/\/blogdorogeriogomes.com.br\/noticias\/wp-content\/uploads\/2023\/02\/o-presidente-eleito-luiz-inacio-lula-da-silva-pt-e-o-presidente-dos-eua-joe-biden-1667252968831_v2_450x337.jpg.webp 450w, https:\/\/blogdorogeriogomes.com.br\/noticias\/wp-content\/uploads\/2023\/02\/o-presidente-eleito-luiz-inacio-lula-da-silva-pt-e-o-presidente-dos-eua-joe-biden-1667252968831_v2_450x337.jpg-300x225.webp 300w, https:\/\/blogdorogeriogomes.com.br\/noticias\/wp-content\/uploads\/2023\/02\/o-presidente-eleito-luiz-inacio-lula-da-silva-pt-e-o-presidente-dos-eua-joe-biden-1667252968831_v2_450x337.jpg-400x300.webp 400w\" sizes=\"auto, (max-width: 450px) 100vw, 450px\" \/><\/figure>\n","protected":false},"excerpt":{"rendered":"<p>O presidente Lula (PT) viaja nesta quinta-feira, dia 9 de fevereiro, para os Estados Unidos onde ter\u00e1 um encontro com o presidente norte-americano Joe Biden. Temas importantes est\u00e3o agendados para o encontro como a defesa da democracia, a guerra entre R\u00fassia e Ucr\u00e2nia e novas parcerias econ\u00f4micas envolvendo o Brasil e os EUA. Lula deve debater com Biden o crescimento da extrema-direita no mundo que resultaram em epis\u00f3dios como o ataque ao Capit\u00f3lio, nos Estados Unidos, em 2021, e&hellip;<\/p>\n","protected":false},"author":1,"featured_media":28316,"comment_status":"open","ping_status":"open","sticky":false,"template":"","format":"standard","meta":{"footnotes":""},"categories":[1],"tags":[],"class_list":["post-28315","post","type-post","status-publish","format-standard","has-post-thumbnail","hentry","category-noticias"],"_links":{"self":[{"href":"https:\/\/blogdorogeriogomes.com.br\/noticias\/wp-json\/wp\/v2\/posts\/28315","targetHints":{"allow":["GET"]}}],"collection":[{"href":"https:\/\/blogdorogeriogomes.com.br\/noticias\/wp-json\/wp\/v2\/posts"}],"about":[{"href":"https:\/\/blogdorogeriogomes.com.br\/noticias\/wp-json\/wp\/v2\/types\/post"}],"author":[{"embeddable":true,"href":"https:\/\/blogdorogeriogomes.com.br\/noticias\/wp-json\/wp\/v2\/users\/1"}],"replies":[{"embeddable":true,"href":"https:\/\/blogdorogeriogomes.com.br\/noticias\/wp-json\/wp\/v2\/comments?post=28315"}],"version-history":[{"count":1,"href":"https:\/\/blogdorogeriogomes.com.br\/noticias\/wp-json\/wp\/v2\/posts\/28315\/revisions"}],"predecessor-version":[{"id":28317,"href":"https:\/\/blogdorogeriogomes.com.br\/noticias\/wp-json\/wp\/v2\/posts\/28315\/revisions\/28317"}],"wp:featuredmedia":[{"embeddable":true,"href":"https:\/\/blogdorogeriogomes.com.br\/noticias\/wp-json\/wp\/v2\/media\/28316"}],"wp:attachment":[{"href":"https:\/\/blogdorogeriogomes.com.br\/noticias\/wp-json\/wp\/v2\/media?parent=28315"}],"wp:term":[{"taxonomy":"category","embeddable":true,"href":"https:\/\/blogdorogeriogomes.com.br\/noticias\/wp-json\/wp\/v2\/categories?post=28315"},{"taxonomy":"post_tag","embeddable":true,"href":"https:\/\/blogdorogeriogomes.com.br\/noticias\/wp-json\/wp\/v2\/tags?post=28315"}],"curies":[{"name":"wp","href":"https:\/\/api.w.org\/{rel}","templated":true}]}}