{"id":28318,"date":"2023-02-07T23:05:41","date_gmt":"2023-02-07T23:05:41","guid":{"rendered":"https:\/\/blogdorogeriogomes.com.br\/?p=28318"},"modified":"2023-02-08T18:44:18","modified_gmt":"2023-02-08T18:44:18","slug":"sarto-anuncia-proposta-de-reajuste-de-579-para-servidor-publico-municipal-em-fortaleza","status":"publish","type":"post","link":"https:\/\/blogdorogeriogomes.com.br\/noticias\/2023\/02\/sarto-anuncia-proposta-de-reajuste-de-579-para-servidor-publico-municipal-em-fortaleza\/","title":{"rendered":"Sarto anuncia proposta de reajuste de 5,79% para servidor p\u00fablico municipal em Fortaleza"},"content":{"rendered":"\n<p>O prefeito de Fortaleza, Jos\u00e9 Sarto (PDT), anunciou nesta ter\u00e7a-feira, dia 7 de fevereiro, um reajuste geral de 5,79% para os servidores p\u00fablicos municipais. O an\u00fancio foi realizado no Pa\u00e7o Municipal, em reuni\u00e3o com reuni\u00e3o com sindicatos. Cerca de 54 mil trabalhadores, incluindo a categoria dos professores, ser\u00e3o beneficiados com o aumento, que ter\u00e1 impacto anual de R$ 270 milh\u00f5es na folha de pagamento.<\/p>\n\n\n\n<p>Participaram da reuni\u00e3o representantes do Sindifort, Sindiguardas e Sindisa\u00fade. As categorias devem se reunir em assembleia nesta quinta-feira, dia 9, e voltar\u00e3o a conversar com o prefeito no mesmo dia para selar o acordo. Em seguida a Mensagem ser\u00e1 enviada para a C\u00e2mara de Vereadores e t\u00e3o logo seja aprovada, o aumento no sal\u00e1rio dos servidores ser\u00e1 aplicado.<\/p>\n\n\n\n<figure class=\"wp-block-image size-large\"><img loading=\"lazy\" decoding=\"async\" width=\"1024\" height=\"602\" src=\"https:\/\/blogdorogeriogomes.com.br\/wp-content\/uploads\/2023\/02\/07-02-2023-Reuniao-_81P7055-1024x602.jpg\" alt=\"\" class=\"wp-image-28319\" srcset=\"https:\/\/blogdorogeriogomes.com.br\/noticias\/wp-content\/uploads\/2023\/02\/07-02-2023-Reuniao-_81P7055-1024x602.jpg 1024w, https:\/\/blogdorogeriogomes.com.br\/noticias\/wp-content\/uploads\/2023\/02\/07-02-2023-Reuniao-_81P7055-300x176.jpg 300w, https:\/\/blogdorogeriogomes.com.br\/noticias\/wp-content\/uploads\/2023\/02\/07-02-2023-Reuniao-_81P7055-768x451.jpg 768w, https:\/\/blogdorogeriogomes.com.br\/noticias\/wp-content\/uploads\/2023\/02\/07-02-2023-Reuniao-_81P7055-800x470.jpg 800w, https:\/\/blogdorogeriogomes.com.br\/noticias\/wp-content\/uploads\/2023\/02\/07-02-2023-Reuniao-_81P7055.jpg 1280w\" sizes=\"auto, (max-width: 1024px) 100vw, 1024px\" \/><\/figure>\n","protected":false},"excerpt":{"rendered":"<p>O prefeito de Fortaleza, Jos\u00e9 Sarto (PDT), anunciou nesta ter\u00e7a-feira, dia 7 de fevereiro, um reajuste geral de 5,79% para os servidores p\u00fablicos municipais. O an\u00fancio foi realizado no Pa\u00e7o Municipal, em reuni\u00e3o com reuni\u00e3o com sindicatos. Cerca de 54 mil trabalhadores, incluindo a categoria dos professores, ser\u00e3o beneficiados com o aumento, que ter\u00e1 impacto anual de R$ 270 milh\u00f5es na folha de pagamento. Participaram da reuni\u00e3o representantes do Sindifort, Sindiguardas e Sindisa\u00fade. As categorias devem se reunir em&hellip;<\/p>\n","protected":false},"author":1,"featured_media":28319,"comment_status":"open","ping_status":"open","sticky":false,"template":"","format":"standard","meta":{"footnotes":""},"categories":[1],"tags":[],"class_list":["post-28318","post","type-post","status-publish","format-standard","has-post-thumbnail","hentry","category-noticias"],"_links":{"self":[{"href":"https:\/\/blogdorogeriogomes.com.br\/noticias\/wp-json\/wp\/v2\/posts\/28318","targetHints":{"allow":["GET"]}}],"collection":[{"href":"https:\/\/blogdorogeriogomes.com.br\/noticias\/wp-json\/wp\/v2\/posts"}],"about":[{"href":"https:\/\/blogdorogeriogomes.com.br\/noticias\/wp-json\/wp\/v2\/types\/post"}],"author":[{"embeddable":true,"href":"https:\/\/blogdorogeriogomes.com.br\/noticias\/wp-json\/wp\/v2\/users\/1"}],"replies":[{"embeddable":true,"href":"https:\/\/blogdorogeriogomes.com.br\/noticias\/wp-json\/wp\/v2\/comments?post=28318"}],"version-history":[{"count":1,"href":"https:\/\/blogdorogeriogomes.com.br\/noticias\/wp-json\/wp\/v2\/posts\/28318\/revisions"}],"predecessor-version":[{"id":28320,"href":"https:\/\/blogdorogeriogomes.com.br\/noticias\/wp-json\/wp\/v2\/posts\/28318\/revisions\/28320"}],"wp:featuredmedia":[{"embeddable":true,"href":"https:\/\/blogdorogeriogomes.com.br\/noticias\/wp-json\/wp\/v2\/media\/28319"}],"wp:attachment":[{"href":"https:\/\/blogdorogeriogomes.com.br\/noticias\/wp-json\/wp\/v2\/media?parent=28318"}],"wp:term":[{"taxonomy":"category","embeddable":true,"href":"https:\/\/blogdorogeriogomes.com.br\/noticias\/wp-json\/wp\/v2\/categories?post=28318"},{"taxonomy":"post_tag","embeddable":true,"href":"https:\/\/blogdorogeriogomes.com.br\/noticias\/wp-json\/wp\/v2\/tags?post=28318"}],"curies":[{"name":"wp","href":"https:\/\/api.w.org\/{rel}","templated":true}]}}