{"id":28321,"date":"2023-02-08T10:06:45","date_gmt":"2023-02-08T10:06:45","guid":{"rendered":"https:\/\/blogdorogeriogomes.com.br\/?p=28321"},"modified":"2023-02-08T18:44:06","modified_gmt":"2023-02-08T18:44:06","slug":"deputado-fernando-santana-busca-assinaturas-para-cpi-da-enel-na-assembleia-legislativa","status":"publish","type":"post","link":"https:\/\/blogdorogeriogomes.com.br\/noticias\/2023\/02\/deputado-fernando-santana-busca-assinaturas-para-cpi-da-enel-na-assembleia-legislativa\/","title":{"rendered":"Deputado Fernando Santana busca assinaturas para CPI da Enel na Assembleia Legislativa"},"content":{"rendered":"\n<p>O deputado estadual Fernando Santana (PT), que \u00e9 o 1\u00b0 vice-presidente da Assembleia Legislativa do Cear\u00e1, diz j\u00e1 ter assinaturas mais que suficientes para abrir uma CPI para investigar os servi\u00e7os prestados pela Enel no Estado. Cerca de 33 deputados estaduais j\u00e1 assinaram o documento.<\/p>\n\n\n\n<p>A abertura da comiss\u00e3o deve ter como base relat\u00f3rio da comiss\u00e3o especial da pr\u00f3pria Assembleia Legislativa, divulgado em dezembro de 2022, e que tinha como objetivo analisar o contrato de concess\u00e3o entre o Governo do Cear\u00e1 e a Enel.&nbsp;<\/p>\n\n\n\n<p>A Enel Cear\u00e1 faz estudos para ser negociada em 2023. Sobre a possibilidade de ter uma CPI instalada na Assembleia Legislativa, a empresa diz estar aberta ao di\u00e1logo para esclarecer todos os questionamentos.<\/p>\n\n\n\n<figure class=\"wp-block-image size-full\"><img loading=\"lazy\" decoding=\"async\" width=\"739\" height=\"415\" src=\"https:\/\/blogdorogeriogomes.com.br\/wp-content\/uploads\/2023\/02\/images-7.jpeg\" alt=\"\" class=\"wp-image-28322\" srcset=\"https:\/\/blogdorogeriogomes.com.br\/noticias\/wp-content\/uploads\/2023\/02\/images-7.jpeg 739w, https:\/\/blogdorogeriogomes.com.br\/noticias\/wp-content\/uploads\/2023\/02\/images-7-300x168.jpeg 300w\" sizes=\"auto, (max-width: 739px) 100vw, 739px\" \/><\/figure>\n","protected":false},"excerpt":{"rendered":"<p>O deputado estadual Fernando Santana (PT), que \u00e9 o 1\u00b0 vice-presidente da Assembleia Legislativa do Cear\u00e1, diz j\u00e1 ter assinaturas mais que suficientes para abrir uma CPI para investigar os servi\u00e7os prestados pela Enel no Estado. Cerca de 33 deputados estaduais j\u00e1 assinaram o documento. A abertura da comiss\u00e3o deve ter como base relat\u00f3rio da comiss\u00e3o especial da pr\u00f3pria Assembleia Legislativa, divulgado em dezembro de 2022, e que tinha como objetivo analisar o contrato de concess\u00e3o entre o Governo&hellip;<\/p>\n","protected":false},"author":1,"featured_media":28322,"comment_status":"open","ping_status":"open","sticky":false,"template":"","format":"standard","meta":{"footnotes":""},"categories":[1],"tags":[],"class_list":["post-28321","post","type-post","status-publish","format-standard","has-post-thumbnail","hentry","category-noticias"],"_links":{"self":[{"href":"https:\/\/blogdorogeriogomes.com.br\/noticias\/wp-json\/wp\/v2\/posts\/28321","targetHints":{"allow":["GET"]}}],"collection":[{"href":"https:\/\/blogdorogeriogomes.com.br\/noticias\/wp-json\/wp\/v2\/posts"}],"about":[{"href":"https:\/\/blogdorogeriogomes.com.br\/noticias\/wp-json\/wp\/v2\/types\/post"}],"author":[{"embeddable":true,"href":"https:\/\/blogdorogeriogomes.com.br\/noticias\/wp-json\/wp\/v2\/users\/1"}],"replies":[{"embeddable":true,"href":"https:\/\/blogdorogeriogomes.com.br\/noticias\/wp-json\/wp\/v2\/comments?post=28321"}],"version-history":[{"count":2,"href":"https:\/\/blogdorogeriogomes.com.br\/noticias\/wp-json\/wp\/v2\/posts\/28321\/revisions"}],"predecessor-version":[{"id":28329,"href":"https:\/\/blogdorogeriogomes.com.br\/noticias\/wp-json\/wp\/v2\/posts\/28321\/revisions\/28329"}],"wp:featuredmedia":[{"embeddable":true,"href":"https:\/\/blogdorogeriogomes.com.br\/noticias\/wp-json\/wp\/v2\/media\/28322"}],"wp:attachment":[{"href":"https:\/\/blogdorogeriogomes.com.br\/noticias\/wp-json\/wp\/v2\/media?parent=28321"}],"wp:term":[{"taxonomy":"category","embeddable":true,"href":"https:\/\/blogdorogeriogomes.com.br\/noticias\/wp-json\/wp\/v2\/categories?post=28321"},{"taxonomy":"post_tag","embeddable":true,"href":"https:\/\/blogdorogeriogomes.com.br\/noticias\/wp-json\/wp\/v2\/tags?post=28321"}],"curies":[{"name":"wp","href":"https:\/\/api.w.org\/{rel}","templated":true}]}}