{"id":28324,"date":"2023-02-08T10:21:30","date_gmt":"2023-02-08T10:21:30","guid":{"rendered":"https:\/\/blogdorogeriogomes.com.br\/?p=28324"},"modified":"2023-02-08T18:43:58","modified_gmt":"2023-02-08T18:43:58","slug":"sandra-de-sa-e-atracao-no-ultimo-fim-de-semana-do-pre-carnaval-de-fortaleza","status":"publish","type":"post","link":"https:\/\/blogdorogeriogomes.com.br\/noticias\/2023\/02\/sandra-de-sa-e-atracao-no-ultimo-fim-de-semana-do-pre-carnaval-de-fortaleza\/","title":{"rendered":"Sandra de S\u00e1 \u00e9 atra\u00e7\u00e3o no \u00faltimo fim de semana do Pr\u00e9-Carnaval de Fortaleza"},"content":{"rendered":"\n<p>O pr\u00f3ximo fim de semana ser\u00e1 o \u00faltimo do Pr\u00e9-Carnaval Oficial 2023, promovido pela Prefeitura de Fortaleza. No Aterrinho da Praia de Iracema, que re\u00fane o cortejo dos blocos de samba, no s\u00e1bado, dia 11 de fevereiro, a programa\u00e7\u00e3o ser\u00e1 encerrada com show da cantora Sandra de S\u00e1, \u00edcone da black music.<\/p>\n\n\n\n<p>Confira a programa\u00e7\u00e3o nos nove p\u00f3los de folia em Fortaleza:<\/p>\n\n\n\n<p>Pra\u00e7a do Ferreira<br>Endere\u00e7o: Rua Floriano Peixoto (Centro)<\/p>\n\n\n\n<p>Data: 10\/02 (sexta-feira)<br>18h &#8211; Maracatu Solar<br>19h &#8211; Luxo da Aldeia<\/p>\n\n\n\n<p>Data: 11\/02 (s\u00e1bado)<br>18h &#8211; Concentra, Mas N\u00e3o Sai<br>20h &#8211; Superbanda<\/p>\n\n\n\n<p>Aterrinho Praia de Iracema<br>Cortejo saindo do antigo Boteco Praia at\u00e9 o Aterrinho da Praia de Iracema<\/p>\n\n\n\n<p>Data: 11\/02 (s\u00e1bado)<br>16h &#8211; Baqueta + convidado<br>16h40 &#8211; Bonde Batuque<br>17h20 &#8211; Camale\u00f5es do Vila<br>18h &#8211; Unidos da Cachorra<br>18h30 &#8211; DJ Silas Costa<br>20h &#8211; Bloco Mambembe<br>21h &#8211; Sandra de S\u00e1<\/p>\n\n\n\n<p>Mercado dos Pinh\u00f5es<br>Endere\u00e7o: Pra\u00e7a Visconde de Pelotas, s\/n (Centro)<\/p>\n\n\n\n<p>Data: 10\/02 (sexta-feira)<br>19h &#8211; Batuque de Mulher<br>20h &#8211; Banda 14 Zero Meia<\/p>\n\n\n\n<p>Data: 11\/02 (s\u00e1bado)<br>17h &#8211; Caravana Cultural<br>19h &#8211; DJ Ada Por\u00e3<br>20h &#8211; Lidia Maria e Bloco do Prazer<\/p>\n\n\n\n<p>Benfica<br>Endere\u00e7o: Rua Jo\u00e3o Gentil &#8211; Benfica<\/p>\n\n\n\n<p>Data: 11\/02 (s\u00e1bado)<br>18h &#8211; Orquestra Solar de Tambores<br>19h30 &#8211; Ercilia Lima<br>20h30 &#8211; Renato Black<\/p>\n\n\n\n<p>Data 12\/02 (domingo)<br>10h &#8211; Maracatu Na\u00e7\u00e3o Palmares<br>11h &#8211; Afox\u00e9 Omorisa Od\u00e9<br>12h &#8211; Superbanda<br>14h &#8211; Yana Caracas<\/p>\n\n\n\n<p>Mocinha<br>Endere\u00e7o: Rua Padre Clim\u00e9rio, 140 &#8211; Meireles<\/p>\n\n\n\n<p>Data: 1102 (s\u00e1bado)<br>18h &#8211; Bloco Num Ispaia Sin\u00e3o Ienche<\/p>\n\n\n\n<p>Barra do Cear\u00e1 (Marco Zero)<br>Endere\u00e7o: Av. Radialista Jos\u00e9 Lima Verde<\/p>\n\n\n\n<p>Data: 11\/02 (s\u00e1bado)<br>17h &#8211; Batuque Baobab<br>18h30 &#8211; Diana Franco<\/p>\n\n\n\n<p>Raimundo dos Queijos<br>Endere\u00e7o: pr\u00f3ximo \u00e0 Rua General Bezerril, 151 &#8211; Centro<\/p>\n\n\n\n<p>Data: 12\/02 (domingo)<br>10h &#8211; Luiz da Viola<br>12h &#8211; Cris Malagueta<br>14h &#8211; Grupo DTF<\/p>\n\n\n\n<p>Parque Rachel de Queiroz<br>Endere\u00e7o: Avenida Gov. Parsifal Barroso (Presidente Kennedy)<\/p>\n\n\n\n<p>Data: 11\/02 (s\u00e1bado)<br>17h &#8211; Banda Pacote de Biscoito<br>19h &#8211; Andrew Devis<\/p>\n\n\n\n<p>Passeio P\u00fablico<br>Endere\u00e7o: Rua Dr. Jo\u00e3o Moreira &#8211; Centro<\/p>\n\n\n\n<p>Data: 12\/02 (domingo)<br>9h &#8211; Tia Samila e sua Turma<br>10h30 &#8211; Bloquinho da Aquarela<\/p>\n\n\n\n<figure class=\"wp-block-image size-large\"><img loading=\"lazy\" decoding=\"async\" width=\"1024\" height=\"576\" src=\"https:\/\/blogdorogeriogomes.com.br\/wp-content\/uploads\/2023\/02\/sandra-de-sa-3-1024x576.jpg\" alt=\"\" class=\"wp-image-28325\" srcset=\"https:\/\/blogdorogeriogomes.com.br\/noticias\/wp-content\/uploads\/2023\/02\/sandra-de-sa-3-1024x576.jpg 1024w, https:\/\/blogdorogeriogomes.com.br\/noticias\/wp-content\/uploads\/2023\/02\/sandra-de-sa-3-300x169.jpg 300w, https:\/\/blogdorogeriogomes.com.br\/noticias\/wp-content\/uploads\/2023\/02\/sandra-de-sa-3-768x432.jpg 768w, https:\/\/blogdorogeriogomes.com.br\/noticias\/wp-content\/uploads\/2023\/02\/sandra-de-sa-3-800x450.jpg 800w, https:\/\/blogdorogeriogomes.com.br\/noticias\/wp-content\/uploads\/2023\/02\/sandra-de-sa-3.jpg 1080w\" sizes=\"auto, (max-width: 1024px) 100vw, 1024px\" \/><\/figure>\n","protected":false},"excerpt":{"rendered":"<p>O pr\u00f3ximo fim de semana ser\u00e1 o \u00faltimo do Pr\u00e9-Carnaval Oficial 2023, promovido pela Prefeitura de Fortaleza. No Aterrinho da Praia de Iracema, que re\u00fane o cortejo dos blocos de samba, no s\u00e1bado, dia 11 de fevereiro, a programa\u00e7\u00e3o ser\u00e1 encerrada com show da cantora Sandra de S\u00e1, \u00edcone da black music. Confira a programa\u00e7\u00e3o nos nove p\u00f3los de folia em Fortaleza: Pra\u00e7a do FerreiraEndere\u00e7o: Rua Floriano Peixoto (Centro) Data: 10\/02 (sexta-feira)18h &#8211; Maracatu Solar19h &#8211; Luxo da Aldeia&hellip;<\/p>\n","protected":false},"author":1,"featured_media":28325,"comment_status":"open","ping_status":"open","sticky":false,"template":"","format":"standard","meta":{"footnotes":""},"categories":[1],"tags":[],"class_list":["post-28324","post","type-post","status-publish","format-standard","has-post-thumbnail","hentry","category-noticias"],"_links":{"self":[{"href":"https:\/\/blogdorogeriogomes.com.br\/noticias\/wp-json\/wp\/v2\/posts\/28324","targetHints":{"allow":["GET"]}}],"collection":[{"href":"https:\/\/blogdorogeriogomes.com.br\/noticias\/wp-json\/wp\/v2\/posts"}],"about":[{"href":"https:\/\/blogdorogeriogomes.com.br\/noticias\/wp-json\/wp\/v2\/types\/post"}],"author":[{"embeddable":true,"href":"https:\/\/blogdorogeriogomes.com.br\/noticias\/wp-json\/wp\/v2\/users\/1"}],"replies":[{"embeddable":true,"href":"https:\/\/blogdorogeriogomes.com.br\/noticias\/wp-json\/wp\/v2\/comments?post=28324"}],"version-history":[{"count":1,"href":"https:\/\/blogdorogeriogomes.com.br\/noticias\/wp-json\/wp\/v2\/posts\/28324\/revisions"}],"predecessor-version":[{"id":28326,"href":"https:\/\/blogdorogeriogomes.com.br\/noticias\/wp-json\/wp\/v2\/posts\/28324\/revisions\/28326"}],"wp:featuredmedia":[{"embeddable":true,"href":"https:\/\/blogdorogeriogomes.com.br\/noticias\/wp-json\/wp\/v2\/media\/28325"}],"wp:attachment":[{"href":"https:\/\/blogdorogeriogomes.com.br\/noticias\/wp-json\/wp\/v2\/media?parent=28324"}],"wp:term":[{"taxonomy":"category","embeddable":true,"href":"https:\/\/blogdorogeriogomes.com.br\/noticias\/wp-json\/wp\/v2\/categories?post=28324"},{"taxonomy":"post_tag","embeddable":true,"href":"https:\/\/blogdorogeriogomes.com.br\/noticias\/wp-json\/wp\/v2\/tags?post=28324"}],"curies":[{"name":"wp","href":"https:\/\/api.w.org\/{rel}","templated":true}]}}