{"id":28332,"date":"2023-02-08T20:45:44","date_gmt":"2023-02-08T20:45:44","guid":{"rendered":"https:\/\/blogdorogeriogomes.com.br\/?p=28332"},"modified":"2023-02-09T18:22:30","modified_gmt":"2023-02-09T18:22:30","slug":"professores-municipais-aceitam-proposta-da-prefeitura-e-encerram-paralisacao-em-fortaleza","status":"publish","type":"post","link":"https:\/\/blogdorogeriogomes.com.br\/noticias\/2023\/02\/professores-municipais-aceitam-proposta-da-prefeitura-e-encerram-paralisacao-em-fortaleza\/","title":{"rendered":"Professores municipais aceitam proposta da Prefeitura e encerram paralisa\u00e7\u00e3o em Fortaleza"},"content":{"rendered":"\n<p>Os professores da rede municipal de Fortaleza aprovaram nesta quarta-feira, dia 8 de fevereiro, a proposta de reajuste salarial da categoria oferecida pelo prefeito Jos\u00e9 Sarto (PDT). A assembleia dos profissionais ocorreu em frente ao Pa\u00e7o Municipal, no Centro. As aulas devem retornar na quinta-feira, dia 9.<\/p>\n\n\n\n<p>O pacote de benef\u00edcios oferecido pela Prefeitura da Capital inclui: reajuste salarial de 14,95%; 5,79% de pagamento retroativo de janeiro; complemento salarial para alcan\u00e7ar os 14% a partir de setembro deste ano; sem altera\u00e7\u00f5es no plano de cargo, sal\u00e1rio e carreira e aux\u00edlio-alimenta\u00e7\u00e3o de R$ 15.<\/p>\n\n\n\n<figure class=\"wp-block-image size-full\"><img loading=\"lazy\" decoding=\"async\" width=\"984\" height=\"559\" src=\"https:\/\/blogdorogeriogomes.com.br\/wp-content\/uploads\/2023\/02\/professores-fortaleza.jpg\" alt=\"\" class=\"wp-image-28333\" srcset=\"https:\/\/blogdorogeriogomes.com.br\/noticias\/wp-content\/uploads\/2023\/02\/professores-fortaleza.jpg 984w, https:\/\/blogdorogeriogomes.com.br\/noticias\/wp-content\/uploads\/2023\/02\/professores-fortaleza-300x170.jpg 300w, https:\/\/blogdorogeriogomes.com.br\/noticias\/wp-content\/uploads\/2023\/02\/professores-fortaleza-768x436.jpg 768w, https:\/\/blogdorogeriogomes.com.br\/noticias\/wp-content\/uploads\/2023\/02\/professores-fortaleza-800x454.jpg 800w\" sizes=\"auto, (max-width: 984px) 100vw, 984px\" \/><\/figure>\n","protected":false},"excerpt":{"rendered":"<p>Os professores da rede municipal de Fortaleza aprovaram nesta quarta-feira, dia 8 de fevereiro, a proposta de reajuste salarial da categoria oferecida pelo prefeito Jos\u00e9 Sarto (PDT). A assembleia dos profissionais ocorreu em frente ao Pa\u00e7o Municipal, no Centro. As aulas devem retornar na quinta-feira, dia 9. O pacote de benef\u00edcios oferecido pela Prefeitura da Capital inclui: reajuste salarial de 14,95%; 5,79% de pagamento retroativo de janeiro; complemento salarial para alcan\u00e7ar os 14% a partir de setembro deste ano;&hellip;<\/p>\n","protected":false},"author":1,"featured_media":28333,"comment_status":"open","ping_status":"open","sticky":false,"template":"","format":"standard","meta":{"footnotes":""},"categories":[1],"tags":[],"class_list":["post-28332","post","type-post","status-publish","format-standard","has-post-thumbnail","hentry","category-noticias"],"_links":{"self":[{"href":"https:\/\/blogdorogeriogomes.com.br\/noticias\/wp-json\/wp\/v2\/posts\/28332","targetHints":{"allow":["GET"]}}],"collection":[{"href":"https:\/\/blogdorogeriogomes.com.br\/noticias\/wp-json\/wp\/v2\/posts"}],"about":[{"href":"https:\/\/blogdorogeriogomes.com.br\/noticias\/wp-json\/wp\/v2\/types\/post"}],"author":[{"embeddable":true,"href":"https:\/\/blogdorogeriogomes.com.br\/noticias\/wp-json\/wp\/v2\/users\/1"}],"replies":[{"embeddable":true,"href":"https:\/\/blogdorogeriogomes.com.br\/noticias\/wp-json\/wp\/v2\/comments?post=28332"}],"version-history":[{"count":1,"href":"https:\/\/blogdorogeriogomes.com.br\/noticias\/wp-json\/wp\/v2\/posts\/28332\/revisions"}],"predecessor-version":[{"id":28334,"href":"https:\/\/blogdorogeriogomes.com.br\/noticias\/wp-json\/wp\/v2\/posts\/28332\/revisions\/28334"}],"wp:featuredmedia":[{"embeddable":true,"href":"https:\/\/blogdorogeriogomes.com.br\/noticias\/wp-json\/wp\/v2\/media\/28333"}],"wp:attachment":[{"href":"https:\/\/blogdorogeriogomes.com.br\/noticias\/wp-json\/wp\/v2\/media?parent=28332"}],"wp:term":[{"taxonomy":"category","embeddable":true,"href":"https:\/\/blogdorogeriogomes.com.br\/noticias\/wp-json\/wp\/v2\/categories?post=28332"},{"taxonomy":"post_tag","embeddable":true,"href":"https:\/\/blogdorogeriogomes.com.br\/noticias\/wp-json\/wp\/v2\/tags?post=28332"}],"curies":[{"name":"wp","href":"https:\/\/api.w.org\/{rel}","templated":true}]}}