{"id":28335,"date":"2023-02-09T00:36:06","date_gmt":"2023-02-09T00:36:06","guid":{"rendered":"https:\/\/blogdorogeriogomes.com.br\/?p=28335"},"modified":"2023-02-09T18:22:20","modified_gmt":"2023-02-09T18:22:20","slug":"com-um-mes-dos-atos-golpistas-em-brasilia-15-cearenses-estao-presos-e-outros-11-sao-monitorados","status":"publish","type":"post","link":"https:\/\/blogdorogeriogomes.com.br\/noticias\/2023\/02\/com-um-mes-dos-atos-golpistas-em-brasilia-15-cearenses-estao-presos-e-outros-11-sao-monitorados\/","title":{"rendered":"Com um m\u00eas dos atos golpistas em Bras\u00edlia, 15 cearenses est\u00e3o presos e outros 11 s\u00e3o monitorados"},"content":{"rendered":"\n<p>Ao completar um m\u00eas dos atos terroristas em Bras\u00edlia promovidos por bolsonaristas que invadiram a Pra\u00e7a dos Tr\u00eas Poderes, pelo menos 15 cearenses que participaram das a\u00e7\u00f5es continuam presos na Capital federal. Oito homens presos est\u00e3o no Centro de Deten\u00e7\u00e3o Provis\u00f3ria II e sete mulheres est\u00e3o na Penitenci\u00e1ria Feminina do Distrito Federal. Outros 11 est\u00e3o monitorados com tornozeleira eletr\u00f4nica.<\/p>\n\n\n\n<p>Segundo o Minist\u00e9rio da Justi\u00e7a, 939 pessoas seguem presas no Distrito Federal. A invas\u00e3o e depreda\u00e7\u00e3o dos pr\u00e9dios p\u00fablicos da democracia brasileira marcaram a hist\u00f3ria do Pa\u00eds, deixando destrui\u00e7\u00e3o e 1.398 detidos.&nbsp;Dos presos desde o ataque, 459 j\u00e1 foram liberados, por\u00e9m ainda s\u00e3o monitoradas por tornozeleiras eletr\u00f4nicas.<\/p>\n\n\n\n<figure class=\"wp-block-image size-full\"><img loading=\"lazy\" decoding=\"async\" width=\"678\" height=\"452\" src=\"https:\/\/blogdorogeriogomes.com.br\/wp-content\/uploads\/2023\/02\/images-8.jpeg\" alt=\"\" class=\"wp-image-28336\" srcset=\"https:\/\/blogdorogeriogomes.com.br\/noticias\/wp-content\/uploads\/2023\/02\/images-8.jpeg 678w, https:\/\/blogdorogeriogomes.com.br\/noticias\/wp-content\/uploads\/2023\/02\/images-8-300x200.jpeg 300w\" sizes=\"auto, (max-width: 678px) 100vw, 678px\" \/><\/figure>\n","protected":false},"excerpt":{"rendered":"<p>Ao completar um m\u00eas dos atos terroristas em Bras\u00edlia promovidos por bolsonaristas que invadiram a Pra\u00e7a dos Tr\u00eas Poderes, pelo menos 15 cearenses que participaram das a\u00e7\u00f5es continuam presos na Capital federal. Oito homens presos est\u00e3o no Centro de Deten\u00e7\u00e3o Provis\u00f3ria II e sete mulheres est\u00e3o na Penitenci\u00e1ria Feminina do Distrito Federal. Outros 11 est\u00e3o monitorados com tornozeleira eletr\u00f4nica. Segundo o Minist\u00e9rio da Justi\u00e7a, 939 pessoas seguem presas no Distrito Federal. A invas\u00e3o e depreda\u00e7\u00e3o dos pr\u00e9dios p\u00fablicos da&hellip;<\/p>\n","protected":false},"author":1,"featured_media":28336,"comment_status":"open","ping_status":"open","sticky":false,"template":"","format":"standard","meta":{"footnotes":""},"categories":[1],"tags":[],"class_list":["post-28335","post","type-post","status-publish","format-standard","has-post-thumbnail","hentry","category-noticias"],"_links":{"self":[{"href":"https:\/\/blogdorogeriogomes.com.br\/noticias\/wp-json\/wp\/v2\/posts\/28335","targetHints":{"allow":["GET"]}}],"collection":[{"href":"https:\/\/blogdorogeriogomes.com.br\/noticias\/wp-json\/wp\/v2\/posts"}],"about":[{"href":"https:\/\/blogdorogeriogomes.com.br\/noticias\/wp-json\/wp\/v2\/types\/post"}],"author":[{"embeddable":true,"href":"https:\/\/blogdorogeriogomes.com.br\/noticias\/wp-json\/wp\/v2\/users\/1"}],"replies":[{"embeddable":true,"href":"https:\/\/blogdorogeriogomes.com.br\/noticias\/wp-json\/wp\/v2\/comments?post=28335"}],"version-history":[{"count":2,"href":"https:\/\/blogdorogeriogomes.com.br\/noticias\/wp-json\/wp\/v2\/posts\/28335\/revisions"}],"predecessor-version":[{"id":28342,"href":"https:\/\/blogdorogeriogomes.com.br\/noticias\/wp-json\/wp\/v2\/posts\/28335\/revisions\/28342"}],"wp:featuredmedia":[{"embeddable":true,"href":"https:\/\/blogdorogeriogomes.com.br\/noticias\/wp-json\/wp\/v2\/media\/28336"}],"wp:attachment":[{"href":"https:\/\/blogdorogeriogomes.com.br\/noticias\/wp-json\/wp\/v2\/media?parent=28335"}],"wp:term":[{"taxonomy":"category","embeddable":true,"href":"https:\/\/blogdorogeriogomes.com.br\/noticias\/wp-json\/wp\/v2\/categories?post=28335"},{"taxonomy":"post_tag","embeddable":true,"href":"https:\/\/blogdorogeriogomes.com.br\/noticias\/wp-json\/wp\/v2\/tags?post=28335"}],"curies":[{"name":"wp","href":"https:\/\/api.w.org\/{rel}","templated":true}]}}