{"id":28338,"date":"2023-02-09T10:36:06","date_gmt":"2023-02-09T10:36:06","guid":{"rendered":"https:\/\/blogdorogeriogomes.com.br\/?p=28338"},"modified":"2023-02-09T18:22:08","modified_gmt":"2023-02-09T18:22:08","slug":"resultado-do-enem-e-antecipado-e-ja-esta-disponivel-nesta-quinta-feira","status":"publish","type":"post","link":"https:\/\/blogdorogeriogomes.com.br\/noticias\/2023\/02\/resultado-do-enem-e-antecipado-e-ja-esta-disponivel-nesta-quinta-feira\/","title":{"rendered":"Resultado do Enem \u00e9 antecipado e j\u00e1 est\u00e1 dispon\u00edvel nesta quinta-feira"},"content":{"rendered":"\n<p>Para quem fez o Enem no ano passado, a boa not\u00edcia \u00e9 que o resultado j\u00e1 est\u00e1 dispon\u00edvel. O resultado do Exame Nacional do Ensino M\u00e9dio 2022 j\u00e1 se encontra para consulta na P\u00e1gina do Participante. Para acessar as notas,&nbsp;\u00e9 preciso fazer login digitando o CPF e a senha cadastrados no sistema.<\/p>\n\n\n\n<p>A previs\u00e3o inicial era que o resultado s\u00f3 fosse disponibilizado na pr\u00f3xima segunda-feira, dia 13 de fevereiro. O ministro da Educa\u00e7\u00e3o, Camilo Santana, avisou sobre a mudan\u00e7a nesta quarta-feira, dia 8, durante a divulga\u00e7\u00e3o dos dados do Censo Escolar da Educa\u00e7\u00e3o B\u00e1sica.<\/p>\n\n\n\n<p>A nota do exame \u00e9 usada na sele\u00e7\u00e3o de estudantes por universidades p\u00fablicas e privadas no Brasil e at\u00e9 em institui\u00e7\u00f5es internacionais.<\/p>\n\n\n\n<figure class=\"wp-block-image size-full\"><img loading=\"lazy\" decoding=\"async\" width=\"739\" height=\"415\" src=\"https:\/\/blogdorogeriogomes.com.br\/wp-content\/uploads\/2023\/02\/images-9.jpeg\" alt=\"\" class=\"wp-image-28339\" srcset=\"https:\/\/blogdorogeriogomes.com.br\/noticias\/wp-content\/uploads\/2023\/02\/images-9.jpeg 739w, https:\/\/blogdorogeriogomes.com.br\/noticias\/wp-content\/uploads\/2023\/02\/images-9-300x168.jpeg 300w\" sizes=\"auto, (max-width: 739px) 100vw, 739px\" \/><\/figure>\n","protected":false},"excerpt":{"rendered":"<p>Para quem fez o Enem no ano passado, a boa not\u00edcia \u00e9 que o resultado j\u00e1 est\u00e1 dispon\u00edvel. O resultado do Exame Nacional do Ensino M\u00e9dio 2022 j\u00e1 se encontra para consulta na P\u00e1gina do Participante. Para acessar as notas,&nbsp;\u00e9 preciso fazer login digitando o CPF e a senha cadastrados no sistema. A previs\u00e3o inicial era que o resultado s\u00f3 fosse disponibilizado na pr\u00f3xima segunda-feira, dia 13 de fevereiro. O ministro da Educa\u00e7\u00e3o, Camilo Santana, avisou sobre a mudan\u00e7a&hellip;<\/p>\n","protected":false},"author":1,"featured_media":28339,"comment_status":"open","ping_status":"open","sticky":false,"template":"","format":"standard","meta":{"footnotes":""},"categories":[1],"tags":[],"class_list":["post-28338","post","type-post","status-publish","format-standard","has-post-thumbnail","hentry","category-noticias"],"_links":{"self":[{"href":"https:\/\/blogdorogeriogomes.com.br\/noticias\/wp-json\/wp\/v2\/posts\/28338","targetHints":{"allow":["GET"]}}],"collection":[{"href":"https:\/\/blogdorogeriogomes.com.br\/noticias\/wp-json\/wp\/v2\/posts"}],"about":[{"href":"https:\/\/blogdorogeriogomes.com.br\/noticias\/wp-json\/wp\/v2\/types\/post"}],"author":[{"embeddable":true,"href":"https:\/\/blogdorogeriogomes.com.br\/noticias\/wp-json\/wp\/v2\/users\/1"}],"replies":[{"embeddable":true,"href":"https:\/\/blogdorogeriogomes.com.br\/noticias\/wp-json\/wp\/v2\/comments?post=28338"}],"version-history":[{"count":2,"href":"https:\/\/blogdorogeriogomes.com.br\/noticias\/wp-json\/wp\/v2\/posts\/28338\/revisions"}],"predecessor-version":[{"id":28341,"href":"https:\/\/blogdorogeriogomes.com.br\/noticias\/wp-json\/wp\/v2\/posts\/28338\/revisions\/28341"}],"wp:featuredmedia":[{"embeddable":true,"href":"https:\/\/blogdorogeriogomes.com.br\/noticias\/wp-json\/wp\/v2\/media\/28339"}],"wp:attachment":[{"href":"https:\/\/blogdorogeriogomes.com.br\/noticias\/wp-json\/wp\/v2\/media?parent=28338"}],"wp:term":[{"taxonomy":"category","embeddable":true,"href":"https:\/\/blogdorogeriogomes.com.br\/noticias\/wp-json\/wp\/v2\/categories?post=28338"},{"taxonomy":"post_tag","embeddable":true,"href":"https:\/\/blogdorogeriogomes.com.br\/noticias\/wp-json\/wp\/v2\/tags?post=28338"}],"curies":[{"name":"wp","href":"https:\/\/api.w.org\/{rel}","templated":true}]}}