{"id":28346,"date":"2023-02-10T00:57:06","date_gmt":"2023-02-10T00:57:06","guid":{"rendered":"https:\/\/blogdorogeriogomes.com.br\/?p=28346"},"modified":"2023-02-10T13:45:18","modified_gmt":"2023-02-10T13:45:18","slug":"governo-do-ceara-entrega-tratores-para-reforcar-atividades-agricolas-em-51-municipios","status":"publish","type":"post","link":"https:\/\/blogdorogeriogomes.com.br\/noticias\/2023\/02\/governo-do-ceara-entrega-tratores-para-reforcar-atividades-agricolas-em-51-municipios\/","title":{"rendered":"Governo do Cear\u00e1 entrega tratores para refor\u00e7ar atividades agr\u00edcolas em 51 munic\u00edpios"},"content":{"rendered":"\n<p>O governador Elmano de Freitas entregou, na manh\u00e3 desta quinta-feira, dia 9 de fevereiro, o terceiro lote de tratores previsto na Pol\u00edtica de Incremento e de Moderniza\u00e7\u00e3o da Atividade Agr\u00edcola do Cear\u00e1 aos munic\u00edpios. Nesta etapa, foram beneficiados 51 munic\u00edpios do interior.<\/p>\n\n\n\n<p>Cada equipamento corresponde a um investimento de R$ 356.333,00, somando assim um montante de R$ 18.172.983,00 investidos em m\u00e1quinas que ir\u00e3o fazer a diferen\u00e7a na vida do agricultor familiar. \u201cN\u00f3s temos tratores distribu\u00eddos para todos os munic\u00edpios do Cear\u00e1 com atividades agr\u00edcolas. \u00c9 muito importante essa entrega, porque o per\u00edodo de chuvas est\u00e1 iniciando. Ent\u00e3o, o quanto mais cedo a gente entregar, melhor \u00e9\u201d, destacou Elmano de Freitas. A pr\u00f3xima fase de entregas esta prevista para mar\u00e7o.<\/p>\n\n\n\n<figure class=\"wp-block-image size-large\"><img loading=\"lazy\" decoding=\"async\" width=\"1024\" height=\"683\" src=\"https:\/\/blogdorogeriogomes.com.br\/wp-content\/uploads\/2023\/02\/230209_ENTREGA-TRATORES-SDA_TF9318-1200x800-1-1024x683.jpg\" alt=\"\" class=\"wp-image-28347\" srcset=\"https:\/\/blogdorogeriogomes.com.br\/noticias\/wp-content\/uploads\/2023\/02\/230209_ENTREGA-TRATORES-SDA_TF9318-1200x800-1-1024x683.jpg 1024w, https:\/\/blogdorogeriogomes.com.br\/noticias\/wp-content\/uploads\/2023\/02\/230209_ENTREGA-TRATORES-SDA_TF9318-1200x800-1-300x200.jpg 300w, https:\/\/blogdorogeriogomes.com.br\/noticias\/wp-content\/uploads\/2023\/02\/230209_ENTREGA-TRATORES-SDA_TF9318-1200x800-1-768x512.jpg 768w, https:\/\/blogdorogeriogomes.com.br\/noticias\/wp-content\/uploads\/2023\/02\/230209_ENTREGA-TRATORES-SDA_TF9318-1200x800-1-800x533.jpg 800w, https:\/\/blogdorogeriogomes.com.br\/noticias\/wp-content\/uploads\/2023\/02\/230209_ENTREGA-TRATORES-SDA_TF9318-1200x800-1.jpg 1200w\" sizes=\"auto, (max-width: 1024px) 100vw, 1024px\" \/><\/figure>\n","protected":false},"excerpt":{"rendered":"<p>O governador Elmano de Freitas entregou, na manh\u00e3 desta quinta-feira, dia 9 de fevereiro, o terceiro lote de tratores previsto na Pol\u00edtica de Incremento e de Moderniza\u00e7\u00e3o da Atividade Agr\u00edcola do Cear\u00e1 aos munic\u00edpios. Nesta etapa, foram beneficiados 51 munic\u00edpios do interior. Cada equipamento corresponde a um investimento de R$ 356.333,00, somando assim um montante de R$ 18.172.983,00 investidos em m\u00e1quinas que ir\u00e3o fazer a diferen\u00e7a na vida do agricultor familiar. \u201cN\u00f3s temos tratores distribu\u00eddos para todos os munic\u00edpios&hellip;<\/p>\n","protected":false},"author":1,"featured_media":28347,"comment_status":"open","ping_status":"open","sticky":false,"template":"","format":"standard","meta":{"footnotes":""},"categories":[1],"tags":[],"class_list":["post-28346","post","type-post","status-publish","format-standard","has-post-thumbnail","hentry","category-noticias"],"_links":{"self":[{"href":"https:\/\/blogdorogeriogomes.com.br\/noticias\/wp-json\/wp\/v2\/posts\/28346","targetHints":{"allow":["GET"]}}],"collection":[{"href":"https:\/\/blogdorogeriogomes.com.br\/noticias\/wp-json\/wp\/v2\/posts"}],"about":[{"href":"https:\/\/blogdorogeriogomes.com.br\/noticias\/wp-json\/wp\/v2\/types\/post"}],"author":[{"embeddable":true,"href":"https:\/\/blogdorogeriogomes.com.br\/noticias\/wp-json\/wp\/v2\/users\/1"}],"replies":[{"embeddable":true,"href":"https:\/\/blogdorogeriogomes.com.br\/noticias\/wp-json\/wp\/v2\/comments?post=28346"}],"version-history":[{"count":1,"href":"https:\/\/blogdorogeriogomes.com.br\/noticias\/wp-json\/wp\/v2\/posts\/28346\/revisions"}],"predecessor-version":[{"id":28348,"href":"https:\/\/blogdorogeriogomes.com.br\/noticias\/wp-json\/wp\/v2\/posts\/28346\/revisions\/28348"}],"wp:featuredmedia":[{"embeddable":true,"href":"https:\/\/blogdorogeriogomes.com.br\/noticias\/wp-json\/wp\/v2\/media\/28347"}],"wp:attachment":[{"href":"https:\/\/blogdorogeriogomes.com.br\/noticias\/wp-json\/wp\/v2\/media?parent=28346"}],"wp:term":[{"taxonomy":"category","embeddable":true,"href":"https:\/\/blogdorogeriogomes.com.br\/noticias\/wp-json\/wp\/v2\/categories?post=28346"},{"taxonomy":"post_tag","embeddable":true,"href":"https:\/\/blogdorogeriogomes.com.br\/noticias\/wp-json\/wp\/v2\/tags?post=28346"}],"curies":[{"name":"wp","href":"https:\/\/api.w.org\/{rel}","templated":true}]}}