{"id":28349,"date":"2023-02-10T01:03:48","date_gmt":"2023-02-10T01:03:48","guid":{"rendered":"https:\/\/blogdorogeriogomes.com.br\/?p=28349"},"modified":"2023-02-10T13:44:58","modified_gmt":"2023-02-10T13:44:58","slug":"presidente-lula-desembarca-em-washington-e-se-encontra-com-joe-biden-nesta-sexta-feira","status":"publish","type":"post","link":"https:\/\/blogdorogeriogomes.com.br\/noticias\/2023\/02\/presidente-lula-desembarca-em-washington-e-se-encontra-com-joe-biden-nesta-sexta-feira\/","title":{"rendered":"Presidente Lula desembarca em Washington e se encontra com Joe Biden nesta sexta-feira"},"content":{"rendered":"\n<p>O presidente Luiz In\u00e1cio Lula da Silva chegou no fim da tarde desta quinta-feira, dia 9 de fevereiro, a Washington, capital dos Estados Unidos. Nesta sexta-feira, dia 10,  ele tem reuni\u00e3o com o presidente norte-americano, Joe Biden.<\/p>\n\n\n\n<p>Na capital dos Estados Unidos, Lula ficar\u00e1 hospedado na Blair House, propriedade que costuma receber l\u00edderes estrangeiros.<\/p>\n\n\n\n<p>A viagem carrega simbolismos e \u00e9 vista com expectativa pelo entorno do dois presidentes.&nbsp;Democracia, guerra na Ucr\u00e2nia, meio ambiente e investimentos devem estar entre os temas a serem tratados por Lula e Biden no encontro. <\/p>\n\n\n\n<figure class=\"wp-block-image size-full\"><img loading=\"lazy\" decoding=\"async\" width=\"1024\" height=\"685\" src=\"https:\/\/blogdorogeriogomes.com.br\/wp-content\/uploads\/2023\/02\/IMG-20230209-WA0177.jpg\" alt=\"\" class=\"wp-image-28350\" srcset=\"https:\/\/blogdorogeriogomes.com.br\/noticias\/wp-content\/uploads\/2023\/02\/IMG-20230209-WA0177.jpg 1024w, https:\/\/blogdorogeriogomes.com.br\/noticias\/wp-content\/uploads\/2023\/02\/IMG-20230209-WA0177-300x201.jpg 300w, https:\/\/blogdorogeriogomes.com.br\/noticias\/wp-content\/uploads\/2023\/02\/IMG-20230209-WA0177-768x514.jpg 768w, https:\/\/blogdorogeriogomes.com.br\/noticias\/wp-content\/uploads\/2023\/02\/IMG-20230209-WA0177-800x535.jpg 800w\" sizes=\"auto, (max-width: 1024px) 100vw, 1024px\" \/><\/figure>\n","protected":false},"excerpt":{"rendered":"<p>O presidente Luiz In\u00e1cio Lula da Silva chegou no fim da tarde desta quinta-feira, dia 9 de fevereiro, a Washington, capital dos Estados Unidos. Nesta sexta-feira, dia 10, ele tem reuni\u00e3o com o presidente norte-americano, Joe Biden. Na capital dos Estados Unidos, Lula ficar\u00e1 hospedado na Blair House, propriedade que costuma receber l\u00edderes estrangeiros. A viagem carrega simbolismos e \u00e9 vista com expectativa pelo entorno do dois presidentes.&nbsp;Democracia, guerra na Ucr\u00e2nia, meio ambiente e investimentos devem estar entre os&hellip;<\/p>\n","protected":false},"author":1,"featured_media":28350,"comment_status":"open","ping_status":"open","sticky":false,"template":"","format":"standard","meta":{"footnotes":""},"categories":[1],"tags":[],"class_list":["post-28349","post","type-post","status-publish","format-standard","has-post-thumbnail","hentry","category-noticias"],"_links":{"self":[{"href":"https:\/\/blogdorogeriogomes.com.br\/noticias\/wp-json\/wp\/v2\/posts\/28349","targetHints":{"allow":["GET"]}}],"collection":[{"href":"https:\/\/blogdorogeriogomes.com.br\/noticias\/wp-json\/wp\/v2\/posts"}],"about":[{"href":"https:\/\/blogdorogeriogomes.com.br\/noticias\/wp-json\/wp\/v2\/types\/post"}],"author":[{"embeddable":true,"href":"https:\/\/blogdorogeriogomes.com.br\/noticias\/wp-json\/wp\/v2\/users\/1"}],"replies":[{"embeddable":true,"href":"https:\/\/blogdorogeriogomes.com.br\/noticias\/wp-json\/wp\/v2\/comments?post=28349"}],"version-history":[{"count":2,"href":"https:\/\/blogdorogeriogomes.com.br\/noticias\/wp-json\/wp\/v2\/posts\/28349\/revisions"}],"predecessor-version":[{"id":28358,"href":"https:\/\/blogdorogeriogomes.com.br\/noticias\/wp-json\/wp\/v2\/posts\/28349\/revisions\/28358"}],"wp:featuredmedia":[{"embeddable":true,"href":"https:\/\/blogdorogeriogomes.com.br\/noticias\/wp-json\/wp\/v2\/media\/28350"}],"wp:attachment":[{"href":"https:\/\/blogdorogeriogomes.com.br\/noticias\/wp-json\/wp\/v2\/media?parent=28349"}],"wp:term":[{"taxonomy":"category","embeddable":true,"href":"https:\/\/blogdorogeriogomes.com.br\/noticias\/wp-json\/wp\/v2\/categories?post=28349"},{"taxonomy":"post_tag","embeddable":true,"href":"https:\/\/blogdorogeriogomes.com.br\/noticias\/wp-json\/wp\/v2\/tags?post=28349"}],"curies":[{"name":"wp","href":"https:\/\/api.w.org\/{rel}","templated":true}]}}