{"id":28352,"date":"2023-02-10T01:12:52","date_gmt":"2023-02-10T01:12:52","guid":{"rendered":"https:\/\/blogdorogeriogomes.com.br\/?p=28352"},"modified":"2023-02-10T13:44:19","modified_gmt":"2023-02-10T13:44:19","slug":"elmano-de-freitas-confirma-negociacao-para-saida-da-enel-do-ceara-e-vinda-de-outra-distribuidora-de-energia-eletrica","status":"publish","type":"post","link":"https:\/\/blogdorogeriogomes.com.br\/noticias\/2023\/02\/elmano-de-freitas-confirma-negociacao-para-saida-da-enel-do-ceara-e-vinda-de-outra-distribuidora-de-energia-eletrica\/","title":{"rendered":"Elmano de Freitas confirma negocia\u00e7\u00e3o para sa\u00edda da Enel do Cear\u00e1 e vinda de outra distribuidora de energia el\u00e9trica"},"content":{"rendered":"\n<p>Alvo de uma poss\u00edvel CPI na Assembleia Legislativa do Cear\u00e1, a Enel oficializou que est\u00e1 negociando a sa\u00edda do Estado. A informa\u00e7\u00e3o foi confirmada pelo pr\u00f3prio governador Elmano de Freitas (PT) nesta quinta-feira, dia 9 de fevereiro. Elmano disse que h\u00e1 avan\u00e7o nas negocia\u00e7\u00f5es sobre a sa\u00edda da Enel do Cear\u00e1 e a chegada de uma nova concession\u00e1ria de energia. A empresa \u00e9 alvo de constantes cr\u00edticas de usu\u00e1rios pela m\u00e1 qualidade do servi\u00e7o e pelo alto valor da tarifa de energia el\u00e9trica.<\/p>\n\n\n\n<p>\u201cA Enel tomou uma decis\u00e3o de sair do Estado, est\u00e1 em processo de venda. Uma outra empresa deve assumir. N\u00f3s temos que aguardar a outra empresa, informa\u00e7\u00e3o que eu tenho \u00e9 que t\u00eam negocia\u00e7\u00f5es bastante avan\u00e7adas, e qual \u00e9 a empresa eu n\u00e3o sei\u201d, confirmou o governador Elmano de Freitas.<\/p>\n\n\n\n<figure class=\"wp-block-image size-full\"><img loading=\"lazy\" decoding=\"async\" width=\"818\" height=\"459\" src=\"https:\/\/blogdorogeriogomes.com.br\/wp-content\/uploads\/2023\/02\/1_aumento_das_reclamacoes_no_servico_da_enel_9_-18650649.jpg\" alt=\"\" class=\"wp-image-28353\" srcset=\"https:\/\/blogdorogeriogomes.com.br\/noticias\/wp-content\/uploads\/2023\/02\/1_aumento_das_reclamacoes_no_servico_da_enel_9_-18650649.jpg 818w, https:\/\/blogdorogeriogomes.com.br\/noticias\/wp-content\/uploads\/2023\/02\/1_aumento_das_reclamacoes_no_servico_da_enel_9_-18650649-300x168.jpg 300w, https:\/\/blogdorogeriogomes.com.br\/noticias\/wp-content\/uploads\/2023\/02\/1_aumento_das_reclamacoes_no_servico_da_enel_9_-18650649-768x431.jpg 768w, https:\/\/blogdorogeriogomes.com.br\/noticias\/wp-content\/uploads\/2023\/02\/1_aumento_das_reclamacoes_no_servico_da_enel_9_-18650649-800x449.jpg 800w\" sizes=\"auto, (max-width: 818px) 100vw, 818px\" \/><\/figure>\n","protected":false},"excerpt":{"rendered":"<p>Alvo de uma poss\u00edvel CPI na Assembleia Legislativa do Cear\u00e1, a Enel oficializou que est\u00e1 negociando a sa\u00edda do Estado. A informa\u00e7\u00e3o foi confirmada pelo pr\u00f3prio governador Elmano de Freitas (PT) nesta quinta-feira, dia 9 de fevereiro. Elmano disse que h\u00e1 avan\u00e7o nas negocia\u00e7\u00f5es sobre a sa\u00edda da Enel do Cear\u00e1 e a chegada de uma nova concession\u00e1ria de energia. A empresa \u00e9 alvo de constantes cr\u00edticas de usu\u00e1rios pela m\u00e1 qualidade do servi\u00e7o e pelo alto valor da&hellip;<\/p>\n","protected":false},"author":1,"featured_media":28353,"comment_status":"open","ping_status":"open","sticky":false,"template":"","format":"standard","meta":{"footnotes":""},"categories":[1],"tags":[],"class_list":["post-28352","post","type-post","status-publish","format-standard","has-post-thumbnail","hentry","category-noticias"],"_links":{"self":[{"href":"https:\/\/blogdorogeriogomes.com.br\/noticias\/wp-json\/wp\/v2\/posts\/28352","targetHints":{"allow":["GET"]}}],"collection":[{"href":"https:\/\/blogdorogeriogomes.com.br\/noticias\/wp-json\/wp\/v2\/posts"}],"about":[{"href":"https:\/\/blogdorogeriogomes.com.br\/noticias\/wp-json\/wp\/v2\/types\/post"}],"author":[{"embeddable":true,"href":"https:\/\/blogdorogeriogomes.com.br\/noticias\/wp-json\/wp\/v2\/users\/1"}],"replies":[{"embeddable":true,"href":"https:\/\/blogdorogeriogomes.com.br\/noticias\/wp-json\/wp\/v2\/comments?post=28352"}],"version-history":[{"count":1,"href":"https:\/\/blogdorogeriogomes.com.br\/noticias\/wp-json\/wp\/v2\/posts\/28352\/revisions"}],"predecessor-version":[{"id":28354,"href":"https:\/\/blogdorogeriogomes.com.br\/noticias\/wp-json\/wp\/v2\/posts\/28352\/revisions\/28354"}],"wp:featuredmedia":[{"embeddable":true,"href":"https:\/\/blogdorogeriogomes.com.br\/noticias\/wp-json\/wp\/v2\/media\/28353"}],"wp:attachment":[{"href":"https:\/\/blogdorogeriogomes.com.br\/noticias\/wp-json\/wp\/v2\/media?parent=28352"}],"wp:term":[{"taxonomy":"category","embeddable":true,"href":"https:\/\/blogdorogeriogomes.com.br\/noticias\/wp-json\/wp\/v2\/categories?post=28352"},{"taxonomy":"post_tag","embeddable":true,"href":"https:\/\/blogdorogeriogomes.com.br\/noticias\/wp-json\/wp\/v2\/tags?post=28352"}],"curies":[{"name":"wp","href":"https:\/\/api.w.org\/{rel}","templated":true}]}}