{"id":28364,"date":"2023-02-11T11:05:26","date_gmt":"2023-02-11T11:05:26","guid":{"rendered":"https:\/\/blogdorogeriogomes.com.br\/?p=28364"},"modified":"2023-02-13T19:15:46","modified_gmt":"2023-02-13T19:15:46","slug":"prefeitura-de-fortaleza-define-programacao-de-shows-para-o-carnaval-2023","status":"publish","type":"post","link":"https:\/\/blogdorogeriogomes.com.br\/noticias\/2023\/02\/prefeitura-de-fortaleza-define-programacao-de-shows-para-o-carnaval-2023\/","title":{"rendered":"Prefeitura de Fortaleza define programa\u00e7\u00e3o de shows para o Carnaval 2023"},"content":{"rendered":"\n<p>A Prefeitura de Fortaleza anunciou a programa\u00e7\u00e3o de shows para o per\u00edodo de Carnaval 2023, entre os dias 18 e 21 de fevereiro. Artistas como Elba Ramalho, Geraldo Azevedo e Seu Jorge est\u00e3o com apresenta\u00e7\u00f5es confirmadas durante o per\u00edodo de folia. Ser\u00e3o seis p\u00f3los de festa, incluindo a avenida Domingos Ol\u00edmpio com o desfile dos blocos e maracatus.<\/p>\n\n\n\n<p>Confira a programa\u00e7\u00e3o de shows:<\/p>\n\n\n\n<p>Aterrinho da Praia de Iracema <br>S\u00e1bado (18\/2)<\/p>\n\n\n\n<p>17h- Jean Dumont<br>18h10- Katia Cilene<br>20h20- Chico Pessoa<br>22h30- Elba Ramalho<\/p>\n\n\n\n<p>Domingo (19\/2)<\/p>\n\n\n\n<p>17h- Pingo de Fortaleza<br>18h10- Banda Brasilis<br>20h20- Luxo da Aldeia<br>21h10- Zeca Baleiro<br>22h30- Geraldo Azevedo<\/p>\n\n\n\n<p>Segunda-feira (20\/2)<\/p>\n\n\n\n<p>17h- Berg Menezes<br>18h10- Lidia Maria Bloco do Prazer<br>19h20- Transnacionais<br>20h50- Roberta Campos<br>22h30- Alm\u00e9rio<\/p>\n\n\n\n<p>Ter\u00e7a-feira (21\/2)<\/p>\n\n\n\n<p>17h- Banda Borogod\u00f3<br>18h10- Grupo DTF El\u00e9trico<br>19h20- Bloco Mambembe<br>20h50- Lim\u00e3o com Mel<br>22h30- Seu Jorge<\/p>\n\n\n\n<p>Mercado dos Pinh\u00f5es (Pra\u00e7a Visconde de Pelotas, s\/n, Centro)<\/p>\n\n\n\n<p>S\u00e1bado (18\/2)<\/p>\n\n\n\n<p>17h- Dj Adrian Brasil<br>17h40- Mc Fessor<br>18h50- Luiza Nobel<br>20h- Anderson Monteiro<\/p>\n\n\n\n<p>Domingo (19\/2)<\/p>\n\n\n\n<p>17h- DJ Ada Por\u00e3<br>17h40- Luiza Nobel<br>18h50- Luis da Viola<br>20h- Grupo DTF El\u00e9trico<\/p>\n\n\n\n<p>Segunda-feira (20\/2)<\/p>\n\n\n\n<p>17h- DJ Diana Franco<br>18h30- Grupo DTF El\u00e9trico<br>20h- Banda Patrulha<\/p>\n\n\n\n<p>Ter\u00e7a-feira (21\/2)<\/p>\n\n\n\n<p>17h- Renato Black<br>18h- Yane Caracas<br>19h- Banda Brasilis<br>20h- Superbanda<\/p>\n\n\n\n<p>Benfica<br>S\u00e1bado (18\/2)<\/p>\n\n\n\n<p>11h- Vanin e Nicinha<br>13h- Lorena Lyse<br>14h- Deborah Lima<br>15h- Banda Couros e Metais<br>16h30- Luxo da Aldeia<br>18h30- Rodrigo Sanfoneiro<br>20h- Bloco Mambembe<\/p>\n\n\n\n<p>Domingo (19\/2)<\/p>\n\n\n\n<p>11h- Bloco Mambembe<br>13h- Dj Silas<br>13h30- Transacionais<br>15h40- Nick Sol<br>18h40- Lidia Maria Bloco do Prazer<br>20h- Jean Dumont<\/p>\n\n\n\n<p>Segunda-feira (20\/2)<\/p>\n\n\n\n<p>11h- Dj Adrian Brasil<br>11h30- Parayba e Banda<br>12h30- B\u00e1rbara Sena e Banda<br>14h- Shirlene Aguiar<br>15h- Banda Catorze Zero Meia<br>16h10- Banda Brasilis<br>17h30- Dj Adrian Brasil<br>18h- Luxo da Aldeia-<br>19h30- Superbanda<br>21h- Pingo de Fortaleza<\/p>\n\n\n\n<p>Ter\u00e7a-feira (21\/2)<br>11h- Banda Borogod\u00f3<br>12h30- B\u00e1rbara Sena e Banda<br>14h- Grupo DTF El\u00e9trico<br>15h20- Orquestra Solar de Tambores<br>16h- Damas Cortejam<br>17h30- Diana Franco<br>19h- Cal\u00e9 Alencar<br>20h- Transacionais<\/p>\n\n\n\n<p>Mocinha<br>S\u00e1bado (18\/2)<\/p>\n\n\n\n<p>16h30- Cris Malagueta<br>18h30- Bloco Num Ispaia Sin\u00e3o Ienche<\/p>\n\n\n\n<p>Domingo (19\/2)<\/p>\n\n\n\n<p>16h30- Anderson Monteiro<br>18h30- Bloco Num Ispaia Sin\u00e3o Ienche<\/p>\n\n\n\n<p>Segunda-feira (20\/2)<\/p>\n\n\n\n<p>16h30- Yane Caracas<br>18h30- Bloco Num Ispaia Sin\u00e3o Ienche<\/p>\n\n\n\n<p>Ter\u00e7a-feira (21\/2)<\/p>\n\n\n\n<p>16h30- Jeff Renato<br>18h30- Bloco Num Ispaia Sin\u00e3o Ienche<br><\/p>\n\n\n\n<figure class=\"wp-block-image size-full\"><img loading=\"lazy\" decoding=\"async\" width=\"669\" height=\"458\" src=\"https:\/\/blogdorogeriogomes.com.br\/wp-content\/uploads\/2023\/02\/images-13.jpeg\" alt=\"\" class=\"wp-image-28366\" srcset=\"https:\/\/blogdorogeriogomes.com.br\/noticias\/wp-content\/uploads\/2023\/02\/images-13.jpeg 669w, https:\/\/blogdorogeriogomes.com.br\/noticias\/wp-content\/uploads\/2023\/02\/images-13-300x205.jpeg 300w\" sizes=\"auto, (max-width: 669px) 100vw, 669px\" \/><\/figure>\n\n\n\n<figure class=\"wp-block-image size-full\"><img loading=\"lazy\" decoding=\"async\" width=\"696\" height=\"441\" src=\"https:\/\/blogdorogeriogomes.com.br\/wp-content\/uploads\/2023\/02\/images-15.jpeg\" alt=\"\" class=\"wp-image-28367\" srcset=\"https:\/\/blogdorogeriogomes.com.br\/noticias\/wp-content\/uploads\/2023\/02\/images-15.jpeg 696w, https:\/\/blogdorogeriogomes.com.br\/noticias\/wp-content\/uploads\/2023\/02\/images-15-300x190.jpeg 300w, https:\/\/blogdorogeriogomes.com.br\/noticias\/wp-content\/uploads\/2023\/02\/images-15-320x202.jpeg 320w\" sizes=\"auto, (max-width: 696px) 100vw, 696px\" \/><\/figure>\n\n\n\n<figure class=\"wp-block-image size-full\"><img loading=\"lazy\" decoding=\"async\" width=\"678\" height=\"452\" src=\"https:\/\/blogdorogeriogomes.com.br\/wp-content\/uploads\/2023\/02\/images-14.jpeg\" alt=\"\" class=\"wp-image-28365\" srcset=\"https:\/\/blogdorogeriogomes.com.br\/noticias\/wp-content\/uploads\/2023\/02\/images-14.jpeg 678w, https:\/\/blogdorogeriogomes.com.br\/noticias\/wp-content\/uploads\/2023\/02\/images-14-300x200.jpeg 300w\" sizes=\"auto, (max-width: 678px) 100vw, 678px\" \/><\/figure>\n","protected":false},"excerpt":{"rendered":"<p>A Prefeitura de Fortaleza anunciou a programa\u00e7\u00e3o de shows para o per\u00edodo de Carnaval 2023, entre os dias 18 e 21 de fevereiro. Artistas como Elba Ramalho, Geraldo Azevedo e Seu Jorge est\u00e3o com apresenta\u00e7\u00f5es confirmadas durante o per\u00edodo de folia. Ser\u00e3o seis p\u00f3los de festa, incluindo a avenida Domingos Ol\u00edmpio com o desfile dos blocos e maracatus. Confira a programa\u00e7\u00e3o de shows: Aterrinho da Praia de Iracema S\u00e1bado (18\/2) 17h- Jean Dumont18h10- Katia Cilene20h20- Chico Pessoa22h30- Elba Ramalho&hellip;<\/p>\n","protected":false},"author":1,"featured_media":28366,"comment_status":"open","ping_status":"open","sticky":false,"template":"","format":"standard","meta":{"footnotes":""},"categories":[1],"tags":[],"class_list":["post-28364","post","type-post","status-publish","format-standard","has-post-thumbnail","hentry","category-noticias"],"_links":{"self":[{"href":"https:\/\/blogdorogeriogomes.com.br\/noticias\/wp-json\/wp\/v2\/posts\/28364","targetHints":{"allow":["GET"]}}],"collection":[{"href":"https:\/\/blogdorogeriogomes.com.br\/noticias\/wp-json\/wp\/v2\/posts"}],"about":[{"href":"https:\/\/blogdorogeriogomes.com.br\/noticias\/wp-json\/wp\/v2\/types\/post"}],"author":[{"embeddable":true,"href":"https:\/\/blogdorogeriogomes.com.br\/noticias\/wp-json\/wp\/v2\/users\/1"}],"replies":[{"embeddable":true,"href":"https:\/\/blogdorogeriogomes.com.br\/noticias\/wp-json\/wp\/v2\/comments?post=28364"}],"version-history":[{"count":1,"href":"https:\/\/blogdorogeriogomes.com.br\/noticias\/wp-json\/wp\/v2\/posts\/28364\/revisions"}],"predecessor-version":[{"id":28368,"href":"https:\/\/blogdorogeriogomes.com.br\/noticias\/wp-json\/wp\/v2\/posts\/28364\/revisions\/28368"}],"wp:featuredmedia":[{"embeddable":true,"href":"https:\/\/blogdorogeriogomes.com.br\/noticias\/wp-json\/wp\/v2\/media\/28366"}],"wp:attachment":[{"href":"https:\/\/blogdorogeriogomes.com.br\/noticias\/wp-json\/wp\/v2\/media?parent=28364"}],"wp:term":[{"taxonomy":"category","embeddable":true,"href":"https:\/\/blogdorogeriogomes.com.br\/noticias\/wp-json\/wp\/v2\/categories?post=28364"},{"taxonomy":"post_tag","embeddable":true,"href":"https:\/\/blogdorogeriogomes.com.br\/noticias\/wp-json\/wp\/v2\/tags?post=28364"}],"curies":[{"name":"wp","href":"https:\/\/api.w.org\/{rel}","templated":true}]}}