{"id":28369,"date":"2023-02-13T10:15:56","date_gmt":"2023-02-13T10:15:56","guid":{"rendered":"https:\/\/blogdorogeriogomes.com.br\/?p=28369"},"modified":"2023-02-13T19:15:18","modified_gmt":"2023-02-13T19:15:18","slug":"ceara-comeca-a-aplicacao-de-dose-de-reforco-da-vacina-contra-a-covid-no-proximo-dia-28","status":"publish","type":"post","link":"https:\/\/blogdorogeriogomes.com.br\/noticias\/2023\/02\/ceara-comeca-a-aplicacao-de-dose-de-reforco-da-vacina-contra-a-covid-no-proximo-dia-28\/","title":{"rendered":"Cear\u00e1 come\u00e7a a aplica\u00e7\u00e3o de dose de refor\u00e7o da vacina contra a Covid no pr\u00f3ximo dia 27"},"content":{"rendered":"\n<p>O Governo do Cear\u00e1 vai come\u00e7ar, no pr\u00f3ximo dia 27 de fevereiro, a aplica\u00e7\u00e3o da dose de refor\u00e7o da vacina bivalente contra a Covid-19, de acordo com cronograma do Minist\u00e9rio da Sa\u00fade para os estados. A vacina\u00e7\u00e3o ser\u00e1 iniciada pelos grupos priorit\u00e1rios (pessoas acima de 70 anos com a 4\u00aa dose, pessoas imunocomprometidas, ind\u00edgenas e quilombolas). <\/p>\n\n\n\n<p>Na semana passada, o Cear\u00e1 recebeu o primeiro lote da vacina bivalente da Pfizer, com 32.400 doses. No total, at\u00e9 dia 22, a expectativa \u00e9 receber 729.480 doses da vacina. &#8220;Utilizaremos nossa log\u00edstica de distribui\u00e7\u00e3o para que todos os munic\u00edpios recebam a bivalente com a devida anteced\u00eancia para o in\u00edcio da aplica\u00e7\u00e3o, assim como temos feito desde o in\u00edcio da vacina\u00e7\u00e3o contra a Covid. Refor\u00e7o \u00e0 nossa popula\u00e7\u00e3o a import\u00e2ncia de todos manterem o esquema vacinal em dia, para que possamos evitar casos graves da doen\u00e7a ou \u00f3bitos&#8221;, destacou o governador Elmano de Freitas (PT).<\/p>\n\n\n\n<figure class=\"wp-block-image size-full\"><img loading=\"lazy\" decoding=\"async\" width=\"959\" height=\"867\" src=\"https:\/\/blogdorogeriogomes.com.br\/wp-content\/uploads\/2023\/02\/IMG-20230213-WA0009.jpg\" alt=\"\" class=\"wp-image-28370\" srcset=\"https:\/\/blogdorogeriogomes.com.br\/noticias\/wp-content\/uploads\/2023\/02\/IMG-20230213-WA0009.jpg 959w, https:\/\/blogdorogeriogomes.com.br\/noticias\/wp-content\/uploads\/2023\/02\/IMG-20230213-WA0009-300x271.jpg 300w, https:\/\/blogdorogeriogomes.com.br\/noticias\/wp-content\/uploads\/2023\/02\/IMG-20230213-WA0009-768x694.jpg 768w, https:\/\/blogdorogeriogomes.com.br\/noticias\/wp-content\/uploads\/2023\/02\/IMG-20230213-WA0009-800x723.jpg 800w\" sizes=\"auto, (max-width: 959px) 100vw, 959px\" \/><\/figure>\n","protected":false},"excerpt":{"rendered":"<p>O Governo do Cear\u00e1 vai come\u00e7ar, no pr\u00f3ximo dia 27 de fevereiro, a aplica\u00e7\u00e3o da dose de refor\u00e7o da vacina bivalente contra a Covid-19, de acordo com cronograma do Minist\u00e9rio da Sa\u00fade para os estados. A vacina\u00e7\u00e3o ser\u00e1 iniciada pelos grupos priorit\u00e1rios (pessoas acima de 70 anos com a 4\u00aa dose, pessoas imunocomprometidas, ind\u00edgenas e quilombolas). Na semana passada, o Cear\u00e1 recebeu o primeiro lote da vacina bivalente da Pfizer, com 32.400 doses. No total, at\u00e9 dia 22, a&hellip;<\/p>\n","protected":false},"author":1,"featured_media":28370,"comment_status":"open","ping_status":"open","sticky":false,"template":"","format":"standard","meta":{"footnotes":""},"categories":[1],"tags":[],"class_list":["post-28369","post","type-post","status-publish","format-standard","has-post-thumbnail","hentry","category-noticias"],"_links":{"self":[{"href":"https:\/\/blogdorogeriogomes.com.br\/noticias\/wp-json\/wp\/v2\/posts\/28369","targetHints":{"allow":["GET"]}}],"collection":[{"href":"https:\/\/blogdorogeriogomes.com.br\/noticias\/wp-json\/wp\/v2\/posts"}],"about":[{"href":"https:\/\/blogdorogeriogomes.com.br\/noticias\/wp-json\/wp\/v2\/types\/post"}],"author":[{"embeddable":true,"href":"https:\/\/blogdorogeriogomes.com.br\/noticias\/wp-json\/wp\/v2\/users\/1"}],"replies":[{"embeddable":true,"href":"https:\/\/blogdorogeriogomes.com.br\/noticias\/wp-json\/wp\/v2\/comments?post=28369"}],"version-history":[{"count":2,"href":"https:\/\/blogdorogeriogomes.com.br\/noticias\/wp-json\/wp\/v2\/posts\/28369\/revisions"}],"predecessor-version":[{"id":28372,"href":"https:\/\/blogdorogeriogomes.com.br\/noticias\/wp-json\/wp\/v2\/posts\/28369\/revisions\/28372"}],"wp:featuredmedia":[{"embeddable":true,"href":"https:\/\/blogdorogeriogomes.com.br\/noticias\/wp-json\/wp\/v2\/media\/28370"}],"wp:attachment":[{"href":"https:\/\/blogdorogeriogomes.com.br\/noticias\/wp-json\/wp\/v2\/media?parent=28369"}],"wp:term":[{"taxonomy":"category","embeddable":true,"href":"https:\/\/blogdorogeriogomes.com.br\/noticias\/wp-json\/wp\/v2\/categories?post=28369"},{"taxonomy":"post_tag","embeddable":true,"href":"https:\/\/blogdorogeriogomes.com.br\/noticias\/wp-json\/wp\/v2\/tags?post=28369"}],"curies":[{"name":"wp","href":"https:\/\/api.w.org\/{rel}","templated":true}]}}