{"id":28373,"date":"2023-02-13T11:00:55","date_gmt":"2023-02-13T11:00:55","guid":{"rendered":"https:\/\/blogdorogeriogomes.com.br\/?p=28373"},"modified":"2023-02-13T19:15:01","modified_gmt":"2023-02-13T19:15:01","slug":"mutiroes-de-limpeza-buscam-deixar-fortaleza-preparada-para-a-quadra-chuvosa","status":"publish","type":"post","link":"https:\/\/blogdorogeriogomes.com.br\/noticias\/2023\/02\/mutiroes-de-limpeza-buscam-deixar-fortaleza-preparada-para-a-quadra-chuvosa\/","title":{"rendered":"Mutir\u00f5es de limpeza buscam deixar Fortaleza preparada para a quadra chuvosa"},"content":{"rendered":"\n<p>Como parte do Plano Integrado Operacional da Quadra Chuvosa, ao longo de todo o per\u00edodo, a Prefeitura de Fortaleza est\u00e1 promovendo mutir\u00f5es de limpeza em pontos estrat\u00e9gicos da cidade. As duas primeiras a\u00e7\u00f5es contemplaram respectivamente trechos da avenida Coronel Carvalho, saindo do bairro Vila Velha, e da avenida Domingos Ol\u00edmpio, a partir do bairro Farias Brito. Na \u00faltima sexta-feira, dia 10 de fevereiro, o servi\u00e7o foi realizado na avenida General Os\u00f3rio de Paiva.&nbsp;<\/p>\n\n\n\n<p>Nos mutir\u00f5es s\u00e3o realizados servi\u00e7os como varri\u00e7\u00e3o, capina, manuten\u00e7\u00e3o da ilumina\u00e7\u00e3o p\u00fablica, poda de \u00e1rvores, controle do tr\u00e1fego, atendimento veterin\u00e1rio, recupera\u00e7\u00e3o asf\u00e1ltica, educa\u00e7\u00e3o ambiental, plantio e distribui\u00e7\u00e3o de mudas, a depender de programa\u00e7\u00e3o espec\u00edfica para cada a\u00e7\u00e3o. O efetivo empregado \u00e9 de cerca de 170 pessoas por mutir\u00e3o.<\/p>\n\n\n\n<figure class=\"wp-block-image size-large\"><img loading=\"lazy\" decoding=\"async\" width=\"1024\" height=\"683\" src=\"https:\/\/blogdorogeriogomes.com.br\/wp-content\/uploads\/2023\/02\/10-02-2023-Mutirao-de-acoes-preventivas-para-quadra-chuvosa-16-1024x683.jpg\" alt=\"\" class=\"wp-image-28374\" srcset=\"https:\/\/blogdorogeriogomes.com.br\/noticias\/wp-content\/uploads\/2023\/02\/10-02-2023-Mutirao-de-acoes-preventivas-para-quadra-chuvosa-16-1024x683.jpg 1024w, https:\/\/blogdorogeriogomes.com.br\/noticias\/wp-content\/uploads\/2023\/02\/10-02-2023-Mutirao-de-acoes-preventivas-para-quadra-chuvosa-16-300x200.jpg 300w, https:\/\/blogdorogeriogomes.com.br\/noticias\/wp-content\/uploads\/2023\/02\/10-02-2023-Mutirao-de-acoes-preventivas-para-quadra-chuvosa-16-768x512.jpg 768w, https:\/\/blogdorogeriogomes.com.br\/noticias\/wp-content\/uploads\/2023\/02\/10-02-2023-Mutirao-de-acoes-preventivas-para-quadra-chuvosa-16-1536x1024.jpg 1536w, https:\/\/blogdorogeriogomes.com.br\/noticias\/wp-content\/uploads\/2023\/02\/10-02-2023-Mutirao-de-acoes-preventivas-para-quadra-chuvosa-16-2048x1365.jpg 2048w, https:\/\/blogdorogeriogomes.com.br\/noticias\/wp-content\/uploads\/2023\/02\/10-02-2023-Mutirao-de-acoes-preventivas-para-quadra-chuvosa-16-800x533.jpg 800w\" sizes=\"auto, (max-width: 1024px) 100vw, 1024px\" \/><\/figure>\n","protected":false},"excerpt":{"rendered":"<p>Como parte do Plano Integrado Operacional da Quadra Chuvosa, ao longo de todo o per\u00edodo, a Prefeitura de Fortaleza est\u00e1 promovendo mutir\u00f5es de limpeza em pontos estrat\u00e9gicos da cidade. As duas primeiras a\u00e7\u00f5es contemplaram respectivamente trechos da avenida Coronel Carvalho, saindo do bairro Vila Velha, e da avenida Domingos Ol\u00edmpio, a partir do bairro Farias Brito. Na \u00faltima sexta-feira, dia 10 de fevereiro, o servi\u00e7o foi realizado na avenida General Os\u00f3rio de Paiva.&nbsp; Nos mutir\u00f5es s\u00e3o realizados servi\u00e7os como&hellip;<\/p>\n","protected":false},"author":1,"featured_media":28374,"comment_status":"open","ping_status":"open","sticky":false,"template":"","format":"standard","meta":{"footnotes":""},"categories":[1],"tags":[],"class_list":["post-28373","post","type-post","status-publish","format-standard","has-post-thumbnail","hentry","category-noticias"],"_links":{"self":[{"href":"https:\/\/blogdorogeriogomes.com.br\/noticias\/wp-json\/wp\/v2\/posts\/28373","targetHints":{"allow":["GET"]}}],"collection":[{"href":"https:\/\/blogdorogeriogomes.com.br\/noticias\/wp-json\/wp\/v2\/posts"}],"about":[{"href":"https:\/\/blogdorogeriogomes.com.br\/noticias\/wp-json\/wp\/v2\/types\/post"}],"author":[{"embeddable":true,"href":"https:\/\/blogdorogeriogomes.com.br\/noticias\/wp-json\/wp\/v2\/users\/1"}],"replies":[{"embeddable":true,"href":"https:\/\/blogdorogeriogomes.com.br\/noticias\/wp-json\/wp\/v2\/comments?post=28373"}],"version-history":[{"count":2,"href":"https:\/\/blogdorogeriogomes.com.br\/noticias\/wp-json\/wp\/v2\/posts\/28373\/revisions"}],"predecessor-version":[{"id":28379,"href":"https:\/\/blogdorogeriogomes.com.br\/noticias\/wp-json\/wp\/v2\/posts\/28373\/revisions\/28379"}],"wp:featuredmedia":[{"embeddable":true,"href":"https:\/\/blogdorogeriogomes.com.br\/noticias\/wp-json\/wp\/v2\/media\/28374"}],"wp:attachment":[{"href":"https:\/\/blogdorogeriogomes.com.br\/noticias\/wp-json\/wp\/v2\/media?parent=28373"}],"wp:term":[{"taxonomy":"category","embeddable":true,"href":"https:\/\/blogdorogeriogomes.com.br\/noticias\/wp-json\/wp\/v2\/categories?post=28373"},{"taxonomy":"post_tag","embeddable":true,"href":"https:\/\/blogdorogeriogomes.com.br\/noticias\/wp-json\/wp\/v2\/tags?post=28373"}],"curies":[{"name":"wp","href":"https:\/\/api.w.org\/{rel}","templated":true}]}}