{"id":28389,"date":"2023-02-14T11:10:02","date_gmt":"2023-02-14T11:10:02","guid":{"rendered":"https:\/\/blogdorogeriogomes.com.br\/?p=28389"},"modified":"2023-02-14T12:46:08","modified_gmt":"2023-02-14T12:46:08","slug":"assembleia-legislativa-comeca-a-discutir-nesta-semana-pacote-economico-do-governo-elmano-de-freitas","status":"publish","type":"post","link":"https:\/\/blogdorogeriogomes.com.br\/noticias\/2023\/02\/assembleia-legislativa-comeca-a-discutir-nesta-semana-pacote-economico-do-governo-elmano-de-freitas\/","title":{"rendered":"Assembleia Legislativa come\u00e7a a discutir nesta semana pacote econ\u00f4mico do Governo Elmano de Freitas"},"content":{"rendered":"\n<p>Enquanto as comiss\u00f5es t\u00e9cnicas da Assembleia Legislativa do Cear\u00e1 n\u00e3o s\u00e3o criadas, a Mesa Diretora da Casa est\u00e1 dando o encaminhamento para a vota\u00e7\u00e3o de mensagens do Executivo que est\u00e3o no Poder Legislativo. E uma delas \u00e9 o pacote econ\u00f4mico proposto pelo governador Elmano de Freitas (PT) para recuperar perdas de arrecada\u00e7\u00e3o com o ICMS. Tamb\u00e9m est\u00e1 em pauta a reforma administrativa, que cria novas secretarias estaduais. A an\u00e1lise das propostas j\u00e1 deve ser iniciada nesta ter\u00e7a-feira, dia 14 de fevereiro.<\/p>\n\n\n\n<p>O pacote econ\u00f4mico prev\u00ea a eleva\u00e7\u00e3o da al\u00edquota do ICMS de 18% para 20%, incidindo sobre combust\u00edveis, energia el\u00e9trica e servi\u00e7os de telecomunica\u00e7\u00f5es. A perda de arrecada\u00e7\u00e3o nos estados quanto ao ICMS se deu no ano passado, quando o Governo Bolsonaro conseguiu aprovar no Congresso Nacional um teto na cobran\u00e7a do imposto pelos estados. <\/p>\n\n\n\n<p>Este ano, pelo menos 11 governadores no Pa\u00eds j\u00e1 conseguiram aprovar projetos para recompor as perdas com arrecada\u00e7\u00e3o. Para o governador Elmano de Freitas, a vota\u00e7\u00e3o do pacote econ\u00f4mico ser\u00e1 um primeiro teste para avaliar a for\u00e7a da base governista na Assembleia Legislativa.<\/p>\n\n\n\n<figure class=\"wp-block-image size-large is-resized\"><img loading=\"lazy\" decoding=\"async\" src=\"https:\/\/blogdorogeriogomes.com.br\/wp-content\/uploads\/2023\/02\/F7ANq4mnYqOWDEIlFvijL6EMypmM4no8qV3R5GOh-1024x683.jpg\" alt=\"\" class=\"wp-image-28390\" width=\"346\" height=\"230\" srcset=\"https:\/\/blogdorogeriogomes.com.br\/noticias\/wp-content\/uploads\/2023\/02\/F7ANq4mnYqOWDEIlFvijL6EMypmM4no8qV3R5GOh-1024x683.jpg 1024w, https:\/\/blogdorogeriogomes.com.br\/noticias\/wp-content\/uploads\/2023\/02\/F7ANq4mnYqOWDEIlFvijL6EMypmM4no8qV3R5GOh-300x200.jpg 300w, https:\/\/blogdorogeriogomes.com.br\/noticias\/wp-content\/uploads\/2023\/02\/F7ANq4mnYqOWDEIlFvijL6EMypmM4no8qV3R5GOh-768x512.jpg 768w, https:\/\/blogdorogeriogomes.com.br\/noticias\/wp-content\/uploads\/2023\/02\/F7ANq4mnYqOWDEIlFvijL6EMypmM4no8qV3R5GOh-1536x1024.jpg 1536w, https:\/\/blogdorogeriogomes.com.br\/noticias\/wp-content\/uploads\/2023\/02\/F7ANq4mnYqOWDEIlFvijL6EMypmM4no8qV3R5GOh-2048x1365.jpg 2048w, https:\/\/blogdorogeriogomes.com.br\/noticias\/wp-content\/uploads\/2023\/02\/F7ANq4mnYqOWDEIlFvijL6EMypmM4no8qV3R5GOh-800x533.jpg 800w\" sizes=\"auto, (max-width: 346px) 100vw, 346px\" \/><\/figure>\n\n\n\n<p><\/p>\n","protected":false},"excerpt":{"rendered":"<p>Enquanto as comiss\u00f5es t\u00e9cnicas da Assembleia Legislativa do Cear\u00e1 n\u00e3o s\u00e3o criadas, a Mesa Diretora da Casa est\u00e1 dando o encaminhamento para a vota\u00e7\u00e3o de mensagens do Executivo que est\u00e3o no Poder Legislativo. E uma delas \u00e9 o pacote econ\u00f4mico proposto pelo governador Elmano de Freitas (PT) para recuperar perdas de arrecada\u00e7\u00e3o com o ICMS. Tamb\u00e9m est\u00e1 em pauta a reforma administrativa, que cria novas secretarias estaduais. A an\u00e1lise das propostas j\u00e1 deve ser iniciada nesta ter\u00e7a-feira, dia 14&hellip;<\/p>\n","protected":false},"author":1,"featured_media":28390,"comment_status":"open","ping_status":"open","sticky":false,"template":"","format":"standard","meta":{"footnotes":""},"categories":[1],"tags":[],"class_list":["post-28389","post","type-post","status-publish","format-standard","has-post-thumbnail","hentry","category-noticias"],"_links":{"self":[{"href":"https:\/\/blogdorogeriogomes.com.br\/noticias\/wp-json\/wp\/v2\/posts\/28389","targetHints":{"allow":["GET"]}}],"collection":[{"href":"https:\/\/blogdorogeriogomes.com.br\/noticias\/wp-json\/wp\/v2\/posts"}],"about":[{"href":"https:\/\/blogdorogeriogomes.com.br\/noticias\/wp-json\/wp\/v2\/types\/post"}],"author":[{"embeddable":true,"href":"https:\/\/blogdorogeriogomes.com.br\/noticias\/wp-json\/wp\/v2\/users\/1"}],"replies":[{"embeddable":true,"href":"https:\/\/blogdorogeriogomes.com.br\/noticias\/wp-json\/wp\/v2\/comments?post=28389"}],"version-history":[{"count":1,"href":"https:\/\/blogdorogeriogomes.com.br\/noticias\/wp-json\/wp\/v2\/posts\/28389\/revisions"}],"predecessor-version":[{"id":28391,"href":"https:\/\/blogdorogeriogomes.com.br\/noticias\/wp-json\/wp\/v2\/posts\/28389\/revisions\/28391"}],"wp:featuredmedia":[{"embeddable":true,"href":"https:\/\/blogdorogeriogomes.com.br\/noticias\/wp-json\/wp\/v2\/media\/28390"}],"wp:attachment":[{"href":"https:\/\/blogdorogeriogomes.com.br\/noticias\/wp-json\/wp\/v2\/media?parent=28389"}],"wp:term":[{"taxonomy":"category","embeddable":true,"href":"https:\/\/blogdorogeriogomes.com.br\/noticias\/wp-json\/wp\/v2\/categories?post=28389"},{"taxonomy":"post_tag","embeddable":true,"href":"https:\/\/blogdorogeriogomes.com.br\/noticias\/wp-json\/wp\/v2\/tags?post=28389"}],"curies":[{"name":"wp","href":"https:\/\/api.w.org\/{rel}","templated":true}]}}