{"id":28393,"date":"2023-02-14T20:44:01","date_gmt":"2023-02-14T20:44:01","guid":{"rendered":"https:\/\/blogdorogeriogomes.com.br\/?p=28393"},"modified":"2023-02-15T16:54:02","modified_gmt":"2023-02-15T16:54:02","slug":"receita-federal-define-novo-prazo-para-entrega-da-declaracao-do-imposto-de-renda-2023","status":"publish","type":"post","link":"https:\/\/blogdorogeriogomes.com.br\/noticias\/2023\/02\/receita-federal-define-novo-prazo-para-entrega-da-declaracao-do-imposto-de-renda-2023\/","title":{"rendered":"Receita Federal define novo prazo para entrega da declara\u00e7\u00e3o do Imposto de Renda  2023"},"content":{"rendered":"\n<p>A Receita Federal definiu que o prazo de entrega da declara\u00e7\u00e3o do Imposto de Renda Pessoa F\u00edsica 2023, referente ao ano-base 2022, come\u00e7a no dia 15 de mar\u00e7o e vai at\u00e9 31 de maio. No ano passado, o prazo de entrega foi o final de abril.<\/p>\n\n\n\n<p>Assim, os contribuintes ter\u00e3o, neste ano, um prazo maior para apresentar o documento ao Fisco. De acordo com a Receita Federal, a altera\u00e7\u00e3o tem por objetivo permitir que desde o in\u00edcio do prazo de entrega todos os contribuintes j\u00e1 possam usufruir da declara\u00e7\u00e3o pr\u00e9-preenchida.<\/p>\n\n\n\n<p>Esse tipo de declara\u00e7\u00e3o possui informa\u00e7\u00f5es relativas a rendimentos, dedu\u00e7\u00f5es, bens e direitos e d\u00edvidas e \u00f4nus reais e que s\u00e3o carregadas automaticamente, sem a necessidade de digita\u00e7\u00e3o.<\/p>\n\n\n\n<figure class=\"wp-block-image size-full\"><img loading=\"lazy\" decoding=\"async\" width=\"984\" height=\"589\" src=\"https:\/\/blogdorogeriogomes.com.br\/wp-content\/uploads\/2023\/02\/mca-abr-21031913349.jpg\" alt=\"\" class=\"wp-image-28394\" srcset=\"https:\/\/blogdorogeriogomes.com.br\/noticias\/wp-content\/uploads\/2023\/02\/mca-abr-21031913349.jpg 984w, https:\/\/blogdorogeriogomes.com.br\/noticias\/wp-content\/uploads\/2023\/02\/mca-abr-21031913349-300x180.jpg 300w, https:\/\/blogdorogeriogomes.com.br\/noticias\/wp-content\/uploads\/2023\/02\/mca-abr-21031913349-768x460.jpg 768w, https:\/\/blogdorogeriogomes.com.br\/noticias\/wp-content\/uploads\/2023\/02\/mca-abr-21031913349-800x479.jpg 800w\" sizes=\"auto, (max-width: 984px) 100vw, 984px\" \/><\/figure>\n","protected":false},"excerpt":{"rendered":"<p>A Receita Federal definiu que o prazo de entrega da declara\u00e7\u00e3o do Imposto de Renda Pessoa F\u00edsica 2023, referente ao ano-base 2022, come\u00e7a no dia 15 de mar\u00e7o e vai at\u00e9 31 de maio. No ano passado, o prazo de entrega foi o final de abril. Assim, os contribuintes ter\u00e3o, neste ano, um prazo maior para apresentar o documento ao Fisco. De acordo com a Receita Federal, a altera\u00e7\u00e3o tem por objetivo permitir que desde o in\u00edcio do prazo&hellip;<\/p>\n","protected":false},"author":1,"featured_media":28394,"comment_status":"open","ping_status":"open","sticky":false,"template":"","format":"standard","meta":{"footnotes":""},"categories":[1],"tags":[],"class_list":["post-28393","post","type-post","status-publish","format-standard","has-post-thumbnail","hentry","category-noticias"],"_links":{"self":[{"href":"https:\/\/blogdorogeriogomes.com.br\/noticias\/wp-json\/wp\/v2\/posts\/28393","targetHints":{"allow":["GET"]}}],"collection":[{"href":"https:\/\/blogdorogeriogomes.com.br\/noticias\/wp-json\/wp\/v2\/posts"}],"about":[{"href":"https:\/\/blogdorogeriogomes.com.br\/noticias\/wp-json\/wp\/v2\/types\/post"}],"author":[{"embeddable":true,"href":"https:\/\/blogdorogeriogomes.com.br\/noticias\/wp-json\/wp\/v2\/users\/1"}],"replies":[{"embeddable":true,"href":"https:\/\/blogdorogeriogomes.com.br\/noticias\/wp-json\/wp\/v2\/comments?post=28393"}],"version-history":[{"count":1,"href":"https:\/\/blogdorogeriogomes.com.br\/noticias\/wp-json\/wp\/v2\/posts\/28393\/revisions"}],"predecessor-version":[{"id":28395,"href":"https:\/\/blogdorogeriogomes.com.br\/noticias\/wp-json\/wp\/v2\/posts\/28393\/revisions\/28395"}],"wp:featuredmedia":[{"embeddable":true,"href":"https:\/\/blogdorogeriogomes.com.br\/noticias\/wp-json\/wp\/v2\/media\/28394"}],"wp:attachment":[{"href":"https:\/\/blogdorogeriogomes.com.br\/noticias\/wp-json\/wp\/v2\/media?parent=28393"}],"wp:term":[{"taxonomy":"category","embeddable":true,"href":"https:\/\/blogdorogeriogomes.com.br\/noticias\/wp-json\/wp\/v2\/categories?post=28393"},{"taxonomy":"post_tag","embeddable":true,"href":"https:\/\/blogdorogeriogomes.com.br\/noticias\/wp-json\/wp\/v2\/tags?post=28393"}],"curies":[{"name":"wp","href":"https:\/\/api.w.org\/{rel}","templated":true}]}}