{"id":28396,"date":"2023-02-14T21:05:04","date_gmt":"2023-02-14T21:05:04","guid":{"rendered":"https:\/\/blogdorogeriogomes.com.br\/?p=28396"},"modified":"2023-02-15T16:53:51","modified_gmt":"2023-02-15T16:53:51","slug":"mesa-diretora-da-al-da-aval-a-pacote-economico-de-elmano-e-proposta-deve-ser-votada-em-plenario-nesta-quarta-feira","status":"publish","type":"post","link":"https:\/\/blogdorogeriogomes.com.br\/noticias\/2023\/02\/mesa-diretora-da-al-da-aval-a-pacote-economico-de-elmano-e-proposta-deve-ser-votada-em-plenario-nesta-quarta-feira\/","title":{"rendered":"Mesa Diretora da AL d\u00e1 aval a pacote econ\u00f4mico de Elmano e proposta deve ser votada em plen\u00e1rio nesta quarta-feira"},"content":{"rendered":"\n<p>O pacote econ\u00f4mico apresentado pelo governador do Cear\u00e1, Elmano de Freitas, foi aprovado pela Mesa Diretora da Assembleia Legislativa e deve ser votado em plen\u00e1rio, nesta quarta-feira, dia 15 de fevereiro. Como as comiss\u00f5es t\u00e9cnicas ainda n\u00e3o foram formadas nesta legislatura, os pr\u00f3prios membros da Mesa Diretora deram encaminhamento \u00e0 mat\u00e9ria.<\/p>\n\n\n\n<p>As medidas econ\u00f4micas envolvem o aumento da al\u00edquota do ICMS de 18% para 20%, a fim de compensar as perdas do tributo no ano passado, a recria\u00e7\u00e3o do chamado Fundo de Estabilidade Fiscal e a autoriza\u00e7\u00e3o de contrata\u00e7\u00e3o de empr\u00e9stimo de R$ 900 milh\u00f5es com o Banco do Brasil.<\/p>\n\n\n\n<p>Tamb\u00e9m entram na pauta de vota\u00e7\u00e3o a reforma administrativa com a cria\u00e7\u00e3o de novas secretarias estaduais e a forma\u00e7\u00e3o de um programa de redu\u00e7\u00e3o de filas de cirurgias eletivas no Cear\u00e1.<\/p>\n\n\n\n<p>Deputados de oposi\u00e7\u00e3o ainda tentam adiar a vota\u00e7\u00e3o das mensagens para est\u00e1 quarta-feira, alegando pouco tempo para discuss\u00e3o.<br><\/p>\n\n\n\n<figure class=\"wp-block-image size-large\"><img loading=\"lazy\" decoding=\"async\" width=\"1024\" height=\"576\" src=\"https:\/\/blogdorogeriogomes.com.br\/wp-content\/uploads\/2023\/02\/MESA-DIRETORA-1024x576.jpeg\" alt=\"\" class=\"wp-image-28397\" srcset=\"https:\/\/blogdorogeriogomes.com.br\/noticias\/wp-content\/uploads\/2023\/02\/MESA-DIRETORA-1024x576.jpeg 1024w, https:\/\/blogdorogeriogomes.com.br\/noticias\/wp-content\/uploads\/2023\/02\/MESA-DIRETORA-300x169.jpeg 300w, https:\/\/blogdorogeriogomes.com.br\/noticias\/wp-content\/uploads\/2023\/02\/MESA-DIRETORA-768x432.jpeg 768w, https:\/\/blogdorogeriogomes.com.br\/noticias\/wp-content\/uploads\/2023\/02\/MESA-DIRETORA-800x450.jpeg 800w, https:\/\/blogdorogeriogomes.com.br\/noticias\/wp-content\/uploads\/2023\/02\/MESA-DIRETORA.jpeg 1280w\" sizes=\"auto, (max-width: 1024px) 100vw, 1024px\" \/><\/figure>\n","protected":false},"excerpt":{"rendered":"<p>O pacote econ\u00f4mico apresentado pelo governador do Cear\u00e1, Elmano de Freitas, foi aprovado pela Mesa Diretora da Assembleia Legislativa e deve ser votado em plen\u00e1rio, nesta quarta-feira, dia 15 de fevereiro. Como as comiss\u00f5es t\u00e9cnicas ainda n\u00e3o foram formadas nesta legislatura, os pr\u00f3prios membros da Mesa Diretora deram encaminhamento \u00e0 mat\u00e9ria. As medidas econ\u00f4micas envolvem o aumento da al\u00edquota do ICMS de 18% para 20%, a fim de compensar as perdas do tributo no ano passado, a recria\u00e7\u00e3o do&hellip;<\/p>\n","protected":false},"author":1,"featured_media":28397,"comment_status":"open","ping_status":"open","sticky":false,"template":"","format":"standard","meta":{"footnotes":""},"categories":[1],"tags":[],"class_list":["post-28396","post","type-post","status-publish","format-standard","has-post-thumbnail","hentry","category-noticias"],"_links":{"self":[{"href":"https:\/\/blogdorogeriogomes.com.br\/noticias\/wp-json\/wp\/v2\/posts\/28396","targetHints":{"allow":["GET"]}}],"collection":[{"href":"https:\/\/blogdorogeriogomes.com.br\/noticias\/wp-json\/wp\/v2\/posts"}],"about":[{"href":"https:\/\/blogdorogeriogomes.com.br\/noticias\/wp-json\/wp\/v2\/types\/post"}],"author":[{"embeddable":true,"href":"https:\/\/blogdorogeriogomes.com.br\/noticias\/wp-json\/wp\/v2\/users\/1"}],"replies":[{"embeddable":true,"href":"https:\/\/blogdorogeriogomes.com.br\/noticias\/wp-json\/wp\/v2\/comments?post=28396"}],"version-history":[{"count":1,"href":"https:\/\/blogdorogeriogomes.com.br\/noticias\/wp-json\/wp\/v2\/posts\/28396\/revisions"}],"predecessor-version":[{"id":28398,"href":"https:\/\/blogdorogeriogomes.com.br\/noticias\/wp-json\/wp\/v2\/posts\/28396\/revisions\/28398"}],"wp:featuredmedia":[{"embeddable":true,"href":"https:\/\/blogdorogeriogomes.com.br\/noticias\/wp-json\/wp\/v2\/media\/28397"}],"wp:attachment":[{"href":"https:\/\/blogdorogeriogomes.com.br\/noticias\/wp-json\/wp\/v2\/media?parent=28396"}],"wp:term":[{"taxonomy":"category","embeddable":true,"href":"https:\/\/blogdorogeriogomes.com.br\/noticias\/wp-json\/wp\/v2\/categories?post=28396"},{"taxonomy":"post_tag","embeddable":true,"href":"https:\/\/blogdorogeriogomes.com.br\/noticias\/wp-json\/wp\/v2\/tags?post=28396"}],"curies":[{"name":"wp","href":"https:\/\/api.w.org\/{rel}","templated":true}]}}