{"id":28402,"date":"2023-02-15T10:50:24","date_gmt":"2023-02-15T10:50:24","guid":{"rendered":"https:\/\/blogdorogeriogomes.com.br\/?p=28402"},"modified":"2023-02-15T16:53:37","modified_gmt":"2023-02-15T16:53:37","slug":"minha-casa-minha-vida-e-relancado-e-com-regras-que-beneficiam-populacao-mais-pobre","status":"publish","type":"post","link":"https:\/\/blogdorogeriogomes.com.br\/noticias\/2023\/02\/minha-casa-minha-vida-e-relancado-e-com-regras-que-beneficiam-populacao-mais-pobre\/","title":{"rendered":"Minha Casa, Minha Vida \u00e9 relan\u00e7ado e com regras que beneficiam popula\u00e7\u00e3o mais pobre"},"content":{"rendered":"\n<p>O presidente Luiz In\u00e1cio&nbsp;Lula da Silva (PT) assinou a Medida Provis\u00f3ria (MP) que reestrutura o programa habitacional<strong>&nbsp;<\/strong>Minha Casa, Minha Vida que tinha sido paralisado no governo do ex-presidente Jair Bolsonaro. A assinatura da MP ocorreu durante um evento de entrega de 684 moradias em Santo Amaro, na Bahia, na retomada de visitas de Lula a estados do Nordeste. Nesta quarta-feira, dia 15, o presidente estar\u00e1 assinando ordem de servi\u00e7o para retomada das obras de duplica\u00e7\u00e3o da BR-101, em Sergipe. A rodovia corta v\u00e1rios estados nordestinos.<\/p>\n\n\n\n<p>Nessa nova fase do programa Minha Casa, Minha Vida, 50% das unidades ser\u00e3o reservadas para fam\u00edlias com renda de at\u00e9 R$ 2.640, a chamada \u201cFaixa 1\u201d, que havia sido exclu\u00edda no programa habitacional de Bolsonaro. Os contratos e os registros das moradias do programa ser\u00e3o feitos, preferencialmente, no&nbsp;nome da mulher. O programa tamb\u00e9m vai incluir pessoas em situa\u00e7\u00e3o de rua.<\/p>\n\n\n\n<figure class=\"wp-block-image size-full\"><img loading=\"lazy\" decoding=\"async\" width=\"696\" height=\"391\" src=\"https:\/\/blogdorogeriogomes.com.br\/wp-content\/uploads\/2023\/02\/images-17.jpeg\" alt=\"\" class=\"wp-image-28403\" srcset=\"https:\/\/blogdorogeriogomes.com.br\/noticias\/wp-content\/uploads\/2023\/02\/images-17.jpeg 696w, https:\/\/blogdorogeriogomes.com.br\/noticias\/wp-content\/uploads\/2023\/02\/images-17-300x169.jpeg 300w\" sizes=\"auto, (max-width: 696px) 100vw, 696px\" \/><\/figure>\n","protected":false},"excerpt":{"rendered":"<p>O presidente Luiz In\u00e1cio&nbsp;Lula da Silva (PT) assinou a Medida Provis\u00f3ria (MP) que reestrutura o programa habitacional&nbsp;Minha Casa, Minha Vida que tinha sido paralisado no governo do ex-presidente Jair Bolsonaro. A assinatura da MP ocorreu durante um evento de entrega de 684 moradias em Santo Amaro, na Bahia, na retomada de visitas de Lula a estados do Nordeste. Nesta quarta-feira, dia 15, o presidente estar\u00e1 assinando ordem de servi\u00e7o para retomada das obras de duplica\u00e7\u00e3o da BR-101, em Sergipe.&hellip;<\/p>\n","protected":false},"author":1,"featured_media":28403,"comment_status":"open","ping_status":"open","sticky":false,"template":"","format":"standard","meta":{"footnotes":""},"categories":[1],"tags":[],"class_list":["post-28402","post","type-post","status-publish","format-standard","has-post-thumbnail","hentry","category-noticias"],"_links":{"self":[{"href":"https:\/\/blogdorogeriogomes.com.br\/noticias\/wp-json\/wp\/v2\/posts\/28402","targetHints":{"allow":["GET"]}}],"collection":[{"href":"https:\/\/blogdorogeriogomes.com.br\/noticias\/wp-json\/wp\/v2\/posts"}],"about":[{"href":"https:\/\/blogdorogeriogomes.com.br\/noticias\/wp-json\/wp\/v2\/types\/post"}],"author":[{"embeddable":true,"href":"https:\/\/blogdorogeriogomes.com.br\/noticias\/wp-json\/wp\/v2\/users\/1"}],"replies":[{"embeddable":true,"href":"https:\/\/blogdorogeriogomes.com.br\/noticias\/wp-json\/wp\/v2\/comments?post=28402"}],"version-history":[{"count":2,"href":"https:\/\/blogdorogeriogomes.com.br\/noticias\/wp-json\/wp\/v2\/posts\/28402\/revisions"}],"predecessor-version":[{"id":28405,"href":"https:\/\/blogdorogeriogomes.com.br\/noticias\/wp-json\/wp\/v2\/posts\/28402\/revisions\/28405"}],"wp:featuredmedia":[{"embeddable":true,"href":"https:\/\/blogdorogeriogomes.com.br\/noticias\/wp-json\/wp\/v2\/media\/28403"}],"wp:attachment":[{"href":"https:\/\/blogdorogeriogomes.com.br\/noticias\/wp-json\/wp\/v2\/media?parent=28402"}],"wp:term":[{"taxonomy":"category","embeddable":true,"href":"https:\/\/blogdorogeriogomes.com.br\/noticias\/wp-json\/wp\/v2\/categories?post=28402"},{"taxonomy":"post_tag","embeddable":true,"href":"https:\/\/blogdorogeriogomes.com.br\/noticias\/wp-json\/wp\/v2\/tags?post=28402"}],"curies":[{"name":"wp","href":"https:\/\/api.w.org\/{rel}","templated":true}]}}