{"id":28406,"date":"2023-02-15T23:57:07","date_gmt":"2023-02-15T23:57:07","guid":{"rendered":"https:\/\/blogdorogeriogomes.com.br\/?p=28406"},"modified":"2023-02-16T16:34:48","modified_gmt":"2023-02-16T16:34:48","slug":"ministerio-da-cultura-e-banco-do-nordeste-lancam-linha-de-financiamento-de-projetos-culturais-em-fortaleza","status":"publish","type":"post","link":"https:\/\/blogdorogeriogomes.com.br\/noticias\/2023\/02\/ministerio-da-cultura-e-banco-do-nordeste-lancam-linha-de-financiamento-de-projetos-culturais-em-fortaleza\/","title":{"rendered":"Minist\u00e9rio da Cultura e Banco do Nordeste lan\u00e7am linha de financiamento de projetos culturais em Fortaleza"},"content":{"rendered":"\n<p>Com a presen\u00e7a da ministra da Cultura Margareth Menezes, foi lan\u00e7ada em Fortaleza, nesta quarta-feira, dia 15 de fevereiro, pelo Banco do Nordeste e Minist\u00e9rio da Cultura, uma linha de financiamento de projetos culturais na \u00e1rea de atua\u00e7\u00e3o da institui\u00e7\u00e3o financeira no valor de R$10 milh\u00f5es.<br>O presidente do Banco do Nordeste, Jos\u00e9 Gomes da Costa, e a secret\u00e1ria de Cultura do Cear\u00e1, Luisa Cela, tamb\u00e9m participaram da apresenta\u00e7\u00e3o das mudan\u00e7as no Programa de Patroc\u00ednio pelo BNB.<br>Ser\u00e3o oferecidos at\u00e9 R$ 5 milh\u00f5es em 2023 e outros R$ 5 milh\u00f5es em 2024 a projetos contemplados no edital Sele\u00e7\u00e3o P\u00fablica de Projetos para Patroc\u00ednio pelo Banco do Nordeste.<\/p>\n\n\n\n<figure class=\"wp-block-image size-large\"><img loading=\"lazy\" decoding=\"async\" width=\"1024\" height=\"666\" src=\"https:\/\/blogdorogeriogomes.com.br\/wp-content\/uploads\/2023\/02\/IMG_20230215_1929314492-1024x666.jpg\" alt=\"\" class=\"wp-image-28407\" srcset=\"https:\/\/blogdorogeriogomes.com.br\/noticias\/wp-content\/uploads\/2023\/02\/IMG_20230215_1929314492-1024x666.jpg 1024w, https:\/\/blogdorogeriogomes.com.br\/noticias\/wp-content\/uploads\/2023\/02\/IMG_20230215_1929314492-300x195.jpg 300w, https:\/\/blogdorogeriogomes.com.br\/noticias\/wp-content\/uploads\/2023\/02\/IMG_20230215_1929314492-768x499.jpg 768w, https:\/\/blogdorogeriogomes.com.br\/noticias\/wp-content\/uploads\/2023\/02\/IMG_20230215_1929314492-1536x998.jpg 1536w, https:\/\/blogdorogeriogomes.com.br\/noticias\/wp-content\/uploads\/2023\/02\/IMG_20230215_1929314492-2048x1331.jpg 2048w, https:\/\/blogdorogeriogomes.com.br\/noticias\/wp-content\/uploads\/2023\/02\/IMG_20230215_1929314492-800x520.jpg 800w\" sizes=\"auto, (max-width: 1024px) 100vw, 1024px\" \/><\/figure>\n","protected":false},"excerpt":{"rendered":"<p>Com a presen\u00e7a da ministra da Cultura Margareth Menezes, foi lan\u00e7ada em Fortaleza, nesta quarta-feira, dia 15 de fevereiro, pelo Banco do Nordeste e Minist\u00e9rio da Cultura, uma linha de financiamento de projetos culturais na \u00e1rea de atua\u00e7\u00e3o da institui\u00e7\u00e3o financeira no valor de R$10 milh\u00f5es.O presidente do Banco do Nordeste, Jos\u00e9 Gomes da Costa, e a secret\u00e1ria de Cultura do Cear\u00e1, Luisa Cela, tamb\u00e9m participaram da apresenta\u00e7\u00e3o das mudan\u00e7as no Programa de Patroc\u00ednio pelo BNB.Ser\u00e3o oferecidos at\u00e9 R$&hellip;<\/p>\n","protected":false},"author":1,"featured_media":28407,"comment_status":"open","ping_status":"open","sticky":false,"template":"","format":"standard","meta":{"footnotes":""},"categories":[1],"tags":[],"class_list":["post-28406","post","type-post","status-publish","format-standard","has-post-thumbnail","hentry","category-noticias"],"_links":{"self":[{"href":"https:\/\/blogdorogeriogomes.com.br\/noticias\/wp-json\/wp\/v2\/posts\/28406","targetHints":{"allow":["GET"]}}],"collection":[{"href":"https:\/\/blogdorogeriogomes.com.br\/noticias\/wp-json\/wp\/v2\/posts"}],"about":[{"href":"https:\/\/blogdorogeriogomes.com.br\/noticias\/wp-json\/wp\/v2\/types\/post"}],"author":[{"embeddable":true,"href":"https:\/\/blogdorogeriogomes.com.br\/noticias\/wp-json\/wp\/v2\/users\/1"}],"replies":[{"embeddable":true,"href":"https:\/\/blogdorogeriogomes.com.br\/noticias\/wp-json\/wp\/v2\/comments?post=28406"}],"version-history":[{"count":1,"href":"https:\/\/blogdorogeriogomes.com.br\/noticias\/wp-json\/wp\/v2\/posts\/28406\/revisions"}],"predecessor-version":[{"id":28408,"href":"https:\/\/blogdorogeriogomes.com.br\/noticias\/wp-json\/wp\/v2\/posts\/28406\/revisions\/28408"}],"wp:featuredmedia":[{"embeddable":true,"href":"https:\/\/blogdorogeriogomes.com.br\/noticias\/wp-json\/wp\/v2\/media\/28407"}],"wp:attachment":[{"href":"https:\/\/blogdorogeriogomes.com.br\/noticias\/wp-json\/wp\/v2\/media?parent=28406"}],"wp:term":[{"taxonomy":"category","embeddable":true,"href":"https:\/\/blogdorogeriogomes.com.br\/noticias\/wp-json\/wp\/v2\/categories?post=28406"},{"taxonomy":"post_tag","embeddable":true,"href":"https:\/\/blogdorogeriogomes.com.br\/noticias\/wp-json\/wp\/v2\/tags?post=28406"}],"curies":[{"name":"wp","href":"https:\/\/api.w.org\/{rel}","templated":true}]}}