{"id":28409,"date":"2023-02-16T10:08:29","date_gmt":"2023-02-16T10:08:29","guid":{"rendered":"https:\/\/blogdorogeriogomes.com.br\/?p=28409"},"modified":"2023-02-16T16:34:42","modified_gmt":"2023-02-16T16:34:42","slug":"elmano-mostra-forca-na-assembleia-e-consegue-aprovar-pacote-economico-reforma-administrativa-e-programa-de-cirurgias","status":"publish","type":"post","link":"https:\/\/blogdorogeriogomes.com.br\/noticias\/2023\/02\/elmano-mostra-forca-na-assembleia-e-consegue-aprovar-pacote-economico-reforma-administrativa-e-programa-de-cirurgias\/","title":{"rendered":"Elmano mostra for\u00e7a na Assembleia e consegue aprovar pacote econ\u00f4mico, reforma administrativa e programa de cirurgias"},"content":{"rendered":"\n<p>O governador Elmano de Freitas (PT) demonstrou for\u00e7a e articula\u00e7\u00e3o pol\u00edtica ao conseguir aprovar na Assembleia Legislativa do Cear\u00e1, nove projetos de lei, sendo oito vindos do Poder Executivo e um de autoria do Tribunal de Justi\u00e7a do Cear\u00e1. Foram aprovados a promo\u00e7\u00e3o de ajustes na m\u00e1quina administrativa estadual; o aumento em 2% da al\u00edquota do ICMS; a institui\u00e7\u00e3o do Fundo Estadual de Sustentabilidade Fiscal do Estado do Cear\u00e1, do Plano Estadual de Redu\u00e7\u00e3o das Filas de Cirurgia Eletivas, do Programa Cear\u00e1 sem Fome, do&nbsp;Programa de Seguran\u00e7a Cidad\u00e3,&nbsp;al\u00e9m da transforma\u00e7\u00e3o da cria\u00e7\u00e3o de cargos na estrutura do Poder Judici\u00e1rio do Estado do Cear\u00e1.<\/p>\n\n\n\n<p>Elmano de Freitas passa ent\u00e3o a tirar do papel a reforma administrativa anunciada no ano passado, iniciar as a\u00e7\u00f5es de combate \u00e0 fome no Estado, al\u00e9m de ampliar a expectativa de arrecada\u00e7\u00e3o tribut\u00e1ria no Cear\u00e1. A base governista na AL conseguiu aprovar as mat\u00e9rias com ampla maioria.<\/p>\n\n\n\n<p>Os votos obtidos pela base aliada variaram de um m\u00ednimo de 29 a um m\u00e1ximo de 35. A oposi\u00e7\u00e3o oscilou de 6 a 13 votos. No PDT, apenas tr\u00eas dos 13 deputados estaduais votaram contra o governo. Exatamente, os tr\u00eas parlamentares ligados ao ex-prefeito Roberto Cl\u00e1udio e ao prefeito de Fortaleza, Jos\u00e9 Sarto, que s\u00e3o Ant\u00f4nio Henrique, Cl\u00e1udio Pinho e Queiroz Filho.<\/p>\n\n\n\n<p>No Uni\u00e3o Brasil, liderado pelo ex-deputado federal Capit\u00e3o Wagner, tr\u00eas deputados se posicionaram como oposi\u00e7\u00e3o, mas Firmo Camur\u00e7a esteve do lado do governo.<\/p>\n\n\n\n<figure class=\"wp-block-image size-large\"><img loading=\"lazy\" decoding=\"async\" width=\"1024\" height=\"683\" src=\"https:\/\/blogdorogeriogomes.com.br\/wp-content\/uploads\/2023\/02\/15-02-2023-Plenario-Geral-Foto-Jose-Leomar-4--1024x683.jpg\" alt=\"\" class=\"wp-image-28410\" srcset=\"https:\/\/blogdorogeriogomes.com.br\/noticias\/wp-content\/uploads\/2023\/02\/15-02-2023-Plenario-Geral-Foto-Jose-Leomar-4--1024x683.jpg 1024w, https:\/\/blogdorogeriogomes.com.br\/noticias\/wp-content\/uploads\/2023\/02\/15-02-2023-Plenario-Geral-Foto-Jose-Leomar-4--300x200.jpg 300w, https:\/\/blogdorogeriogomes.com.br\/noticias\/wp-content\/uploads\/2023\/02\/15-02-2023-Plenario-Geral-Foto-Jose-Leomar-4--768x512.jpg 768w, https:\/\/blogdorogeriogomes.com.br\/noticias\/wp-content\/uploads\/2023\/02\/15-02-2023-Plenario-Geral-Foto-Jose-Leomar-4--1536x1024.jpg 1536w, https:\/\/blogdorogeriogomes.com.br\/noticias\/wp-content\/uploads\/2023\/02\/15-02-2023-Plenario-Geral-Foto-Jose-Leomar-4--800x534.jpg 800w, https:\/\/blogdorogeriogomes.com.br\/noticias\/wp-content\/uploads\/2023\/02\/15-02-2023-Plenario-Geral-Foto-Jose-Leomar-4-.jpg 1600w\" sizes=\"auto, (max-width: 1024px) 100vw, 1024px\" \/><\/figure>\n\n\n\n<p><br><\/p>\n","protected":false},"excerpt":{"rendered":"<p>O governador Elmano de Freitas (PT) demonstrou for\u00e7a e articula\u00e7\u00e3o pol\u00edtica ao conseguir aprovar na Assembleia Legislativa do Cear\u00e1, nove projetos de lei, sendo oito vindos do Poder Executivo e um de autoria do Tribunal de Justi\u00e7a do Cear\u00e1. Foram aprovados a promo\u00e7\u00e3o de ajustes na m\u00e1quina administrativa estadual; o aumento em 2% da al\u00edquota do ICMS; a institui\u00e7\u00e3o do Fundo Estadual de Sustentabilidade Fiscal do Estado do Cear\u00e1, do Plano Estadual de Redu\u00e7\u00e3o das Filas de Cirurgia Eletivas,&hellip;<\/p>\n","protected":false},"author":1,"featured_media":28410,"comment_status":"open","ping_status":"open","sticky":false,"template":"","format":"standard","meta":{"footnotes":""},"categories":[1],"tags":[],"class_list":["post-28409","post","type-post","status-publish","format-standard","has-post-thumbnail","hentry","category-noticias"],"_links":{"self":[{"href":"https:\/\/blogdorogeriogomes.com.br\/noticias\/wp-json\/wp\/v2\/posts\/28409","targetHints":{"allow":["GET"]}}],"collection":[{"href":"https:\/\/blogdorogeriogomes.com.br\/noticias\/wp-json\/wp\/v2\/posts"}],"about":[{"href":"https:\/\/blogdorogeriogomes.com.br\/noticias\/wp-json\/wp\/v2\/types\/post"}],"author":[{"embeddable":true,"href":"https:\/\/blogdorogeriogomes.com.br\/noticias\/wp-json\/wp\/v2\/users\/1"}],"replies":[{"embeddable":true,"href":"https:\/\/blogdorogeriogomes.com.br\/noticias\/wp-json\/wp\/v2\/comments?post=28409"}],"version-history":[{"count":2,"href":"https:\/\/blogdorogeriogomes.com.br\/noticias\/wp-json\/wp\/v2\/posts\/28409\/revisions"}],"predecessor-version":[{"id":28423,"href":"https:\/\/blogdorogeriogomes.com.br\/noticias\/wp-json\/wp\/v2\/posts\/28409\/revisions\/28423"}],"wp:featuredmedia":[{"embeddable":true,"href":"https:\/\/blogdorogeriogomes.com.br\/noticias\/wp-json\/wp\/v2\/media\/28410"}],"wp:attachment":[{"href":"https:\/\/blogdorogeriogomes.com.br\/noticias\/wp-json\/wp\/v2\/media?parent=28409"}],"wp:term":[{"taxonomy":"category","embeddable":true,"href":"https:\/\/blogdorogeriogomes.com.br\/noticias\/wp-json\/wp\/v2\/categories?post=28409"},{"taxonomy":"post_tag","embeddable":true,"href":"https:\/\/blogdorogeriogomes.com.br\/noticias\/wp-json\/wp\/v2\/tags?post=28409"}],"curies":[{"name":"wp","href":"https:\/\/api.w.org\/{rel}","templated":true}]}}