{"id":28412,"date":"2023-02-16T10:24:44","date_gmt":"2023-02-16T10:24:44","guid":{"rendered":"https:\/\/blogdorogeriogomes.com.br\/?p=28412"},"modified":"2023-02-16T16:34:35","modified_gmt":"2023-02-16T16:34:35","slug":"delegacia-de-repressao-aos-crimes-por-discriminacao-racial-religiosa-ou-orientacao-sexual-passa-a-funcionar-em-fortaleza","status":"publish","type":"post","link":"https:\/\/blogdorogeriogomes.com.br\/noticias\/2023\/02\/delegacia-de-repressao-aos-crimes-por-discriminacao-racial-religiosa-ou-orientacao-sexual-passa-a-funcionar-em-fortaleza\/","title":{"rendered":"Delegacia de Repress\u00e3o aos Crimes por Discrimina\u00e7\u00e3o Racial, Religiosa ou Orienta\u00e7\u00e3o Sexual passa a funcionar em Fortaleza"},"content":{"rendered":"\n<p>Passou a funcionar nesta quarta-feira, dia 15 de fevereiro, Dia Estadual de Combate \u00e0 Transfobia, a nova Delegacia de Repress\u00e3o aos Crimes por Discrimina\u00e7\u00e3o Racial, Religiosa ou Orienta\u00e7\u00e3o Sexual (Decrim) da Pol\u00edcia Civil do Cear\u00e1 (PC-CE).&nbsp;A inaugura\u00e7\u00e3o teve \u00e0 frente o governador Elmano de Freitas.<\/p>\n\n\n\n<p>\u201c\u00c9 muito importante que vivamos em uma sociedade de respeito e de harmonia. Mas, infelizmente, ainda temos casos de racismo, de intoler\u00e2ncia religiosa, de viol\u00eancia contra a popula\u00e7\u00e3o LGBT. Ent\u00e3o, estamos aqui criando essa delegacia para investigar os crimes que j\u00e1 s\u00e3o previstos em lei. N\u00f3s estamos concentrando [esses crimes aqui] para combater esses atos de descrimina\u00e7\u00e3o, de desrespeito, e que n\u00e3o reconhecem o valor da pessoa humana\u201d, explicou o governador do Cear\u00e1.<\/p>\n\n\n\n<figure class=\"wp-block-image size-large\"><img loading=\"lazy\" decoding=\"async\" width=\"1024\" height=\"684\" src=\"https:\/\/blogdorogeriogomes.com.br\/wp-content\/uploads\/2023\/02\/230215_INAUG-DECRIM_CG1293_3-1200x802-1-1024x684.jpg\" alt=\"\" class=\"wp-image-28413\" srcset=\"https:\/\/blogdorogeriogomes.com.br\/noticias\/wp-content\/uploads\/2023\/02\/230215_INAUG-DECRIM_CG1293_3-1200x802-1-1024x684.jpg 1024w, https:\/\/blogdorogeriogomes.com.br\/noticias\/wp-content\/uploads\/2023\/02\/230215_INAUG-DECRIM_CG1293_3-1200x802-1-300x201.jpg 300w, https:\/\/blogdorogeriogomes.com.br\/noticias\/wp-content\/uploads\/2023\/02\/230215_INAUG-DECRIM_CG1293_3-1200x802-1-768x513.jpg 768w, https:\/\/blogdorogeriogomes.com.br\/noticias\/wp-content\/uploads\/2023\/02\/230215_INAUG-DECRIM_CG1293_3-1200x802-1-800x535.jpg 800w, https:\/\/blogdorogeriogomes.com.br\/noticias\/wp-content\/uploads\/2023\/02\/230215_INAUG-DECRIM_CG1293_3-1200x802-1.jpg 1200w\" sizes=\"auto, (max-width: 1024px) 100vw, 1024px\" \/><\/figure>\n\n\n\n<p><\/p>\n","protected":false},"excerpt":{"rendered":"<p>Passou a funcionar nesta quarta-feira, dia 15 de fevereiro, Dia Estadual de Combate \u00e0 Transfobia, a nova Delegacia de Repress\u00e3o aos Crimes por Discrimina\u00e7\u00e3o Racial, Religiosa ou Orienta\u00e7\u00e3o Sexual (Decrim) da Pol\u00edcia Civil do Cear\u00e1 (PC-CE).&nbsp;A inaugura\u00e7\u00e3o teve \u00e0 frente o governador Elmano de Freitas. \u201c\u00c9 muito importante que vivamos em uma sociedade de respeito e de harmonia. Mas, infelizmente, ainda temos casos de racismo, de intoler\u00e2ncia religiosa, de viol\u00eancia contra a popula\u00e7\u00e3o LGBT. Ent\u00e3o, estamos aqui criando essa&hellip;<\/p>\n","protected":false},"author":1,"featured_media":28413,"comment_status":"open","ping_status":"open","sticky":false,"template":"","format":"standard","meta":{"footnotes":""},"categories":[1],"tags":[],"class_list":["post-28412","post","type-post","status-publish","format-standard","has-post-thumbnail","hentry","category-noticias"],"_links":{"self":[{"href":"https:\/\/blogdorogeriogomes.com.br\/noticias\/wp-json\/wp\/v2\/posts\/28412","targetHints":{"allow":["GET"]}}],"collection":[{"href":"https:\/\/blogdorogeriogomes.com.br\/noticias\/wp-json\/wp\/v2\/posts"}],"about":[{"href":"https:\/\/blogdorogeriogomes.com.br\/noticias\/wp-json\/wp\/v2\/types\/post"}],"author":[{"embeddable":true,"href":"https:\/\/blogdorogeriogomes.com.br\/noticias\/wp-json\/wp\/v2\/users\/1"}],"replies":[{"embeddable":true,"href":"https:\/\/blogdorogeriogomes.com.br\/noticias\/wp-json\/wp\/v2\/comments?post=28412"}],"version-history":[{"count":2,"href":"https:\/\/blogdorogeriogomes.com.br\/noticias\/wp-json\/wp\/v2\/posts\/28412\/revisions"}],"predecessor-version":[{"id":28422,"href":"https:\/\/blogdorogeriogomes.com.br\/noticias\/wp-json\/wp\/v2\/posts\/28412\/revisions\/28422"}],"wp:featuredmedia":[{"embeddable":true,"href":"https:\/\/blogdorogeriogomes.com.br\/noticias\/wp-json\/wp\/v2\/media\/28413"}],"wp:attachment":[{"href":"https:\/\/blogdorogeriogomes.com.br\/noticias\/wp-json\/wp\/v2\/media?parent=28412"}],"wp:term":[{"taxonomy":"category","embeddable":true,"href":"https:\/\/blogdorogeriogomes.com.br\/noticias\/wp-json\/wp\/v2\/categories?post=28412"},{"taxonomy":"post_tag","embeddable":true,"href":"https:\/\/blogdorogeriogomes.com.br\/noticias\/wp-json\/wp\/v2\/tags?post=28412"}],"curies":[{"name":"wp","href":"https:\/\/api.w.org\/{rel}","templated":true}]}}