{"id":28425,"date":"2023-02-16T21:36:16","date_gmt":"2023-02-16T21:36:16","guid":{"rendered":"https:\/\/blogdorogeriogomes.com.br\/?p=28425"},"modified":"2023-02-17T18:27:46","modified_gmt":"2023-02-17T18:27:46","slug":"jose-sarto-confirma-pagamento-do-reajuste-de-servidores-municipais-na-folha-de-fevereiro","status":"publish","type":"post","link":"https:\/\/blogdorogeriogomes.com.br\/noticias\/2023\/02\/jose-sarto-confirma-pagamento-do-reajuste-de-servidores-municipais-na-folha-de-fevereiro\/","title":{"rendered":"Jos\u00e9 Sarto confirma pagamento do reajuste de servidores municipais na folha de fevereiro"},"content":{"rendered":"\n<p>O reajuste geral de 5,79% dos servidores p\u00fablicos de Fortaleza ser\u00e1 implantado na folha de fevereiro e pago em mar\u00e7o, retroativo a janeiro. O aumento, que rep\u00f5e a infla\u00e7\u00e3o de 2022, foi aprovado pela C\u00e2mara Municipal, que garantiu tamb\u00e9m o aux\u00edlio alimenta\u00e7\u00e3o no valor de R$ 15.<\/p>\n\n\n\n<p>O impacto da revis\u00e3o salarial \u00e9 de R$ 293 milh\u00f5es ao ano, beneficiando 54 mil pessoas, entre servidores, aposentados e pensionistas. J\u00e1 o aumento do aux\u00edlio alimenta\u00e7\u00e3o tem impacto de R$ 6,2 milh\u00f5es ao ano.<\/p>\n\n\n\n<p>&#8220;Tamb\u00e9m estamos garantindo a atualiza\u00e7\u00e3o do piso dos agentes comunit\u00e1rios de sa\u00fade (ACS) e dos agentes de combate \u00e0s endemias (ACE) de Fortaleza, cumprindo os dois sal\u00e1rios m\u00ednimos&#8221;, disse o prefeito de Fortaleza, Jos\u00e9 Sarto.<\/p>\n\n\n\n<p> As medidas circular\u00e3o no Di\u00e1rio Oficial do Munic\u00edpio desta quinta-feira, dia 16 de fevereiro. &#8220;Mesmo num cen\u00e1rio de dificuldades econ\u00f4micas no Pa\u00eds, fizemos um esfor\u00e7o para garantir o reajuste, que cobre a infla\u00e7\u00e3o do per\u00edodo, beneficiando os servidores das mais diversas categorias, incluindo professores e professoras da rede municipal&#8221;, completou Sarto. <\/p>\n\n\n\n<p>Em tempo: o prefeito Jos\u00e9 Sarto se reuniu na quarta-feira, dia 15, com a ministra da Sa\u00fade N\u00edsia Trindade Lima, em Bras\u00edlia. Durante o encontro, ele destacou a estrutura hospitalar da Capital e solicitou aumento de repasses ao Munic\u00edpio para atendimentos de m\u00e9dia e alta complexidade.<\/p>\n\n\n\n<figure class=\"wp-block-image size-full\"><img loading=\"lazy\" decoding=\"async\" width=\"1024\" height=\"602\" src=\"https:\/\/blogdorogeriogomes.com.br\/wp-content\/uploads\/2023\/02\/15-02-2023-BSB-01.jpg\" alt=\"\" class=\"wp-image-28426\" srcset=\"https:\/\/blogdorogeriogomes.com.br\/noticias\/wp-content\/uploads\/2023\/02\/15-02-2023-BSB-01.jpg 1024w, https:\/\/blogdorogeriogomes.com.br\/noticias\/wp-content\/uploads\/2023\/02\/15-02-2023-BSB-01-300x176.jpg 300w, https:\/\/blogdorogeriogomes.com.br\/noticias\/wp-content\/uploads\/2023\/02\/15-02-2023-BSB-01-768x452.jpg 768w, https:\/\/blogdorogeriogomes.com.br\/noticias\/wp-content\/uploads\/2023\/02\/15-02-2023-BSB-01-800x470.jpg 800w\" sizes=\"auto, (max-width: 1024px) 100vw, 1024px\" \/><\/figure>\n","protected":false},"excerpt":{"rendered":"<p>O reajuste geral de 5,79% dos servidores p\u00fablicos de Fortaleza ser\u00e1 implantado na folha de fevereiro e pago em mar\u00e7o, retroativo a janeiro. O aumento, que rep\u00f5e a infla\u00e7\u00e3o de 2022, foi aprovado pela C\u00e2mara Municipal, que garantiu tamb\u00e9m o aux\u00edlio alimenta\u00e7\u00e3o no valor de R$ 15. O impacto da revis\u00e3o salarial \u00e9 de R$ 293 milh\u00f5es ao ano, beneficiando 54 mil pessoas, entre servidores, aposentados e pensionistas. J\u00e1 o aumento do aux\u00edlio alimenta\u00e7\u00e3o tem impacto de R$ 6,2&hellip;<\/p>\n","protected":false},"author":1,"featured_media":28426,"comment_status":"open","ping_status":"open","sticky":false,"template":"","format":"standard","meta":{"footnotes":""},"categories":[1],"tags":[],"class_list":["post-28425","post","type-post","status-publish","format-standard","has-post-thumbnail","hentry","category-noticias"],"_links":{"self":[{"href":"https:\/\/blogdorogeriogomes.com.br\/noticias\/wp-json\/wp\/v2\/posts\/28425","targetHints":{"allow":["GET"]}}],"collection":[{"href":"https:\/\/blogdorogeriogomes.com.br\/noticias\/wp-json\/wp\/v2\/posts"}],"about":[{"href":"https:\/\/blogdorogeriogomes.com.br\/noticias\/wp-json\/wp\/v2\/types\/post"}],"author":[{"embeddable":true,"href":"https:\/\/blogdorogeriogomes.com.br\/noticias\/wp-json\/wp\/v2\/users\/1"}],"replies":[{"embeddable":true,"href":"https:\/\/blogdorogeriogomes.com.br\/noticias\/wp-json\/wp\/v2\/comments?post=28425"}],"version-history":[{"count":1,"href":"https:\/\/blogdorogeriogomes.com.br\/noticias\/wp-json\/wp\/v2\/posts\/28425\/revisions"}],"predecessor-version":[{"id":28427,"href":"https:\/\/blogdorogeriogomes.com.br\/noticias\/wp-json\/wp\/v2\/posts\/28425\/revisions\/28427"}],"wp:featuredmedia":[{"embeddable":true,"href":"https:\/\/blogdorogeriogomes.com.br\/noticias\/wp-json\/wp\/v2\/media\/28426"}],"wp:attachment":[{"href":"https:\/\/blogdorogeriogomes.com.br\/noticias\/wp-json\/wp\/v2\/media?parent=28425"}],"wp:term":[{"taxonomy":"category","embeddable":true,"href":"https:\/\/blogdorogeriogomes.com.br\/noticias\/wp-json\/wp\/v2\/categories?post=28425"},{"taxonomy":"post_tag","embeddable":true,"href":"https:\/\/blogdorogeriogomes.com.br\/noticias\/wp-json\/wp\/v2\/tags?post=28425"}],"curies":[{"name":"wp","href":"https:\/\/api.w.org\/{rel}","templated":true}]}}