{"id":28431,"date":"2023-02-17T11:12:36","date_gmt":"2023-02-17T11:12:36","guid":{"rendered":"https:\/\/blogdorogeriogomes.com.br\/?p=28431"},"modified":"2023-02-17T18:27:26","modified_gmt":"2023-02-17T18:27:26","slug":"novo-gramado-da-arena-castelao-sera-entregue-no-inicio-de-marco","status":"publish","type":"post","link":"https:\/\/blogdorogeriogomes.com.br\/noticias\/2023\/02\/novo-gramado-da-arena-castelao-sera-entregue-no-inicio-de-marco\/","title":{"rendered":"Novo gramado da Arena Castel\u00e3o ser\u00e1 entregue no in\u00edcio de mar\u00e7o"},"content":{"rendered":"\n<p>Para o torcedor cearense que est\u00e1 ansioso pelo retorno dos jogos na Arena Castel\u00e3o, o Governo do Estado avalia que o novo gramado j\u00e1 deve estar apto para a pr\u00e1tica do futebol no in\u00edcio de mar\u00e7o. Esta semana foram realizados testes para medir a capacidade de tra\u00e7\u00e3o e a verifica\u00e7\u00e3o da resist\u00eancia do campo ao arranque dos atletas durante os jogos.<\/p>\n\n\n\n<p>O jogo de retorno \u00e0s atividades na Arena Castel\u00e3o ser\u00e1 Fortaleza x Deportivo Maldonado, pela Libertadores, marcado para o dia 2 de mar\u00e7o. A recupera\u00e7\u00e3o do gramado da Arena Castel\u00e3o foi iniciada em novembro de 2022. <\/p>\n\n\n\n<p>&#8220;A Arena Castel\u00e3o est\u00e1 passando por outras interven\u00e7\u00f5es como a recupera\u00e7\u00e3o do placar, dos banheiros, os locais dos vesti\u00e1rios para que os atletas sintam-se bem tratados e toda a ilumina\u00e7\u00e3o do estacionamento. O intuito \u00e9 deixar o Castel\u00e3o pronto para receber as S\u00e9ries A e B, Copa do Nordeste e a final do Campeonato Cearense&#8221;, destacou o  Superintendente de Obras P\u00fablicas do Estado, Quintino Vieira.<\/p>\n\n\n\n<figure class=\"wp-block-image size-large\"><img loading=\"lazy\" decoding=\"async\" width=\"1024\" height=\"577\" src=\"https:\/\/blogdorogeriogomes.com.br\/wp-content\/uploads\/2023\/02\/gramado-Castel-o-1024x577.jpg\" alt=\"\" class=\"wp-image-28432\" srcset=\"https:\/\/blogdorogeriogomes.com.br\/noticias\/wp-content\/uploads\/2023\/02\/gramado-Castel-o-1024x577.jpg 1024w, https:\/\/blogdorogeriogomes.com.br\/noticias\/wp-content\/uploads\/2023\/02\/gramado-Castel-o-300x169.jpg 300w, https:\/\/blogdorogeriogomes.com.br\/noticias\/wp-content\/uploads\/2023\/02\/gramado-Castel-o-768x433.jpg 768w, https:\/\/blogdorogeriogomes.com.br\/noticias\/wp-content\/uploads\/2023\/02\/gramado-Castel-o-800x451.jpg 800w, https:\/\/blogdorogeriogomes.com.br\/noticias\/wp-content\/uploads\/2023\/02\/gramado-Castel-o.jpg 1278w\" sizes=\"auto, (max-width: 1024px) 100vw, 1024px\" \/><\/figure>\n\n\n\n<p><\/p>\n","protected":false},"excerpt":{"rendered":"<p>Para o torcedor cearense que est\u00e1 ansioso pelo retorno dos jogos na Arena Castel\u00e3o, o Governo do Estado avalia que o novo gramado j\u00e1 deve estar apto para a pr\u00e1tica do futebol no in\u00edcio de mar\u00e7o. Esta semana foram realizados testes para medir a capacidade de tra\u00e7\u00e3o e a verifica\u00e7\u00e3o da resist\u00eancia do campo ao arranque dos atletas durante os jogos. O jogo de retorno \u00e0s atividades na Arena Castel\u00e3o ser\u00e1 Fortaleza x Deportivo Maldonado, pela Libertadores, marcado para&hellip;<\/p>\n","protected":false},"author":1,"featured_media":28432,"comment_status":"open","ping_status":"open","sticky":false,"template":"","format":"standard","meta":{"footnotes":""},"categories":[1],"tags":[],"class_list":["post-28431","post","type-post","status-publish","format-standard","has-post-thumbnail","hentry","category-noticias"],"_links":{"self":[{"href":"https:\/\/blogdorogeriogomes.com.br\/noticias\/wp-json\/wp\/v2\/posts\/28431","targetHints":{"allow":["GET"]}}],"collection":[{"href":"https:\/\/blogdorogeriogomes.com.br\/noticias\/wp-json\/wp\/v2\/posts"}],"about":[{"href":"https:\/\/blogdorogeriogomes.com.br\/noticias\/wp-json\/wp\/v2\/types\/post"}],"author":[{"embeddable":true,"href":"https:\/\/blogdorogeriogomes.com.br\/noticias\/wp-json\/wp\/v2\/users\/1"}],"replies":[{"embeddable":true,"href":"https:\/\/blogdorogeriogomes.com.br\/noticias\/wp-json\/wp\/v2\/comments?post=28431"}],"version-history":[{"count":1,"href":"https:\/\/blogdorogeriogomes.com.br\/noticias\/wp-json\/wp\/v2\/posts\/28431\/revisions"}],"predecessor-version":[{"id":28433,"href":"https:\/\/blogdorogeriogomes.com.br\/noticias\/wp-json\/wp\/v2\/posts\/28431\/revisions\/28433"}],"wp:featuredmedia":[{"embeddable":true,"href":"https:\/\/blogdorogeriogomes.com.br\/noticias\/wp-json\/wp\/v2\/media\/28432"}],"wp:attachment":[{"href":"https:\/\/blogdorogeriogomes.com.br\/noticias\/wp-json\/wp\/v2\/media?parent=28431"}],"wp:term":[{"taxonomy":"category","embeddable":true,"href":"https:\/\/blogdorogeriogomes.com.br\/noticias\/wp-json\/wp\/v2\/categories?post=28431"},{"taxonomy":"post_tag","embeddable":true,"href":"https:\/\/blogdorogeriogomes.com.br\/noticias\/wp-json\/wp\/v2\/tags?post=28431"}],"curies":[{"name":"wp","href":"https:\/\/api.w.org\/{rel}","templated":true}]}}