{"id":28441,"date":"2023-02-22T13:15:45","date_gmt":"2023-02-22T13:15:45","guid":{"rendered":"https:\/\/blogdorogeriogomes.com.br\/?p=28441"},"modified":"2023-02-22T14:26:07","modified_gmt":"2023-02-22T14:26:07","slug":"elmano-de-freitas-sanciona-projeto-ceara-sem-fome-e-plano-estadual-das-filas-de-cirurgias-eletivas","status":"publish","type":"post","link":"https:\/\/blogdorogeriogomes.com.br\/noticias\/2023\/02\/elmano-de-freitas-sanciona-projeto-ceara-sem-fome-e-plano-estadual-das-filas-de-cirurgias-eletivas\/","title":{"rendered":"Elmano de Freitas sanciona projeto Cear\u00e1 Sem Fome e Plano Estadual das Filas de Cirurgias Eletivas"},"content":{"rendered":"\n<p>O governador do Cear\u00e1, Elmano de Freitas (PT), sancionou duas leis que t\u00eam uma import\u00e2ncia social de enorme impacto social para o povo do Cear\u00e1: a que cria o Programa Cear\u00e1 Sem Fome e outra que estabelece o Plano Estadual das Filas de Cirurgias Eletivas. As duas leis foram aprovadas pelos deputados estaduais na Assembleia Legislativa. &#8220;Quem tem fome tem pressa e quem est\u00e1 na fila por uma cirurgia n\u00e3o pode esperar. O Governo do Cear\u00e1 n\u00e3o vai medir esfor\u00e7os para diminuir o sofrimento dos cearenses que aguardam por um procedimento cir\u00fargico. O plano sancionado prev\u00ea que Estado, munic\u00edpios, hospitais filantr\u00f3picos e entidades privadas estar\u00e3o juntos para reduzir a fila por opera\u00e7\u00f5es, exames e consultas especializadas&#8221;, destacou o governador .<\/p>\n\n\n\n<p>O projeto Cear\u00e1 Sem Fome busca aproveitar a experi\u00eancia de todos os setores da sociedade para levar a dignidade de ter um prato de comida para todos os cearenses que hoje sofrem com a inseguran\u00e7a alimentar. &#8220;A san\u00e7\u00e3o foi na v\u00e9spera do feriado de Carnaval, pois temos de nos colocar no lugar das pessoas que est\u00e3o com fome ou esperando por cirurgias. N\u00e3o dava para esperar. Vamos juntos porque dividir \u00e9 sempre melhor que somar&#8221;, ressaltou Elmano de Freitas.<\/p>\n\n\n\n<figure class=\"wp-block-image size-large\"><img loading=\"lazy\" decoding=\"async\" width=\"1024\" height=\"685\" src=\"https:\/\/blogdorogeriogomes.com.br\/wp-content\/uploads\/2023\/02\/IMG-20230222-WA0047-1024x685.jpg\" alt=\"\" class=\"wp-image-28442\" srcset=\"https:\/\/blogdorogeriogomes.com.br\/noticias\/wp-content\/uploads\/2023\/02\/IMG-20230222-WA0047-1024x685.jpg 1024w, https:\/\/blogdorogeriogomes.com.br\/noticias\/wp-content\/uploads\/2023\/02\/IMG-20230222-WA0047-300x201.jpg 300w, https:\/\/blogdorogeriogomes.com.br\/noticias\/wp-content\/uploads\/2023\/02\/IMG-20230222-WA0047-768x513.jpg 768w, https:\/\/blogdorogeriogomes.com.br\/noticias\/wp-content\/uploads\/2023\/02\/IMG-20230222-WA0047-800x535.jpg 800w, https:\/\/blogdorogeriogomes.com.br\/noticias\/wp-content\/uploads\/2023\/02\/IMG-20230222-WA0047.jpg 1080w\" sizes=\"auto, (max-width: 1024px) 100vw, 1024px\" \/><\/figure>\n","protected":false},"excerpt":{"rendered":"<p>O governador do Cear\u00e1, Elmano de Freitas (PT), sancionou duas leis que t\u00eam uma import\u00e2ncia social de enorme impacto social para o povo do Cear\u00e1: a que cria o Programa Cear\u00e1 Sem Fome e outra que estabelece o Plano Estadual das Filas de Cirurgias Eletivas. As duas leis foram aprovadas pelos deputados estaduais na Assembleia Legislativa. &#8220;Quem tem fome tem pressa e quem est\u00e1 na fila por uma cirurgia n\u00e3o pode esperar. O Governo do Cear\u00e1 n\u00e3o vai medir&hellip;<\/p>\n","protected":false},"author":1,"featured_media":28442,"comment_status":"open","ping_status":"open","sticky":false,"template":"","format":"standard","meta":{"footnotes":""},"categories":[1],"tags":[],"class_list":["post-28441","post","type-post","status-publish","format-standard","has-post-thumbnail","hentry","category-noticias"],"_links":{"self":[{"href":"https:\/\/blogdorogeriogomes.com.br\/noticias\/wp-json\/wp\/v2\/posts\/28441","targetHints":{"allow":["GET"]}}],"collection":[{"href":"https:\/\/blogdorogeriogomes.com.br\/noticias\/wp-json\/wp\/v2\/posts"}],"about":[{"href":"https:\/\/blogdorogeriogomes.com.br\/noticias\/wp-json\/wp\/v2\/types\/post"}],"author":[{"embeddable":true,"href":"https:\/\/blogdorogeriogomes.com.br\/noticias\/wp-json\/wp\/v2\/users\/1"}],"replies":[{"embeddable":true,"href":"https:\/\/blogdorogeriogomes.com.br\/noticias\/wp-json\/wp\/v2\/comments?post=28441"}],"version-history":[{"count":1,"href":"https:\/\/blogdorogeriogomes.com.br\/noticias\/wp-json\/wp\/v2\/posts\/28441\/revisions"}],"predecessor-version":[{"id":28443,"href":"https:\/\/blogdorogeriogomes.com.br\/noticias\/wp-json\/wp\/v2\/posts\/28441\/revisions\/28443"}],"wp:featuredmedia":[{"embeddable":true,"href":"https:\/\/blogdorogeriogomes.com.br\/noticias\/wp-json\/wp\/v2\/media\/28442"}],"wp:attachment":[{"href":"https:\/\/blogdorogeriogomes.com.br\/noticias\/wp-json\/wp\/v2\/media?parent=28441"}],"wp:term":[{"taxonomy":"category","embeddable":true,"href":"https:\/\/blogdorogeriogomes.com.br\/noticias\/wp-json\/wp\/v2\/categories?post=28441"},{"taxonomy":"post_tag","embeddable":true,"href":"https:\/\/blogdorogeriogomes.com.br\/noticias\/wp-json\/wp\/v2\/tags?post=28441"}],"curies":[{"name":"wp","href":"https:\/\/api.w.org\/{rel}","templated":true}]}}