{"id":28448,"date":"2023-02-22T19:37:46","date_gmt":"2023-02-22T19:37:46","guid":{"rendered":"https:\/\/blogdorogeriogomes.com.br\/?p=28448"},"modified":"2023-02-23T16:44:22","modified_gmt":"2023-02-23T16:44:22","slug":"vacinacao-de-criancas-contra-a-covid-19-entra-em-nova-fase-nesta-quinta-feira-em-fortaleza","status":"publish","type":"post","link":"https:\/\/blogdorogeriogomes.com.br\/noticias\/2023\/02\/vacinacao-de-criancas-contra-a-covid-19-entra-em-nova-fase-nesta-quinta-feira-em-fortaleza\/","title":{"rendered":"Vacina\u00e7\u00e3o de crian\u00e7as contra a Covid-19 entra em nova fase nesta quinta-feira em Fortaleza"},"content":{"rendered":"\n<p>A Prefeitura de Fortaleza avan\u00e7a na imuniza\u00e7\u00e3o contra a Covid-19, nesta quinta-feira, dia 23 de fevereiro. As crian\u00e7as a partir de 6 meses de idade que completaram o per\u00edodo m\u00ednimo para sua terceira dose j\u00e1 poder\u00e3o receber o imunobiol\u00f3gico. &#8220;Estaremos aplicando a vacina nos postos de sa\u00fade da capital, conforme a programa\u00e7\u00e3o di\u00e1ria divulgada no portal da Prefeitura&#8221;, disse o prefeito Jos\u00e9 Sarto.<\/p>\n\n\n\n<p>A terceira dose das crian\u00e7as que receberam a vacina da marca Pfizer Baby deve ocorrer oito semanas (60 dias) ap\u00f3s a segunda dose. J\u00e1 aquelas que receberam a marca Coronavac devem tomar refor\u00e7o quatro meses (120 dias) ap\u00f3s a segunda dose.<\/p>\n\n\n\n<p>&#8220;Lembrem-se que os pais ou respons\u00e1veis devem apresentar os documentos originais da crian\u00e7a e o cart\u00e3o de vacina\u00e7\u00e3o&#8221;, ressaltou o prefeito de Fortaleza.<\/p>\n\n\n\n<figure class=\"wp-block-image size-full\"><img loading=\"lazy\" decoding=\"async\" width=\"1024\" height=\"683\" src=\"https:\/\/blogdorogeriogomes.com.br\/wp-content\/uploads\/2023\/02\/IMG-20230222-WA0088.jpg\" alt=\"\" class=\"wp-image-28449\" srcset=\"https:\/\/blogdorogeriogomes.com.br\/noticias\/wp-content\/uploads\/2023\/02\/IMG-20230222-WA0088.jpg 1024w, https:\/\/blogdorogeriogomes.com.br\/noticias\/wp-content\/uploads\/2023\/02\/IMG-20230222-WA0088-300x200.jpg 300w, https:\/\/blogdorogeriogomes.com.br\/noticias\/wp-content\/uploads\/2023\/02\/IMG-20230222-WA0088-768x512.jpg 768w, https:\/\/blogdorogeriogomes.com.br\/noticias\/wp-content\/uploads\/2023\/02\/IMG-20230222-WA0088-800x534.jpg 800w\" sizes=\"auto, (max-width: 1024px) 100vw, 1024px\" \/><\/figure>\n\n\n\n<p><\/p>\n","protected":false},"excerpt":{"rendered":"<p>A Prefeitura de Fortaleza avan\u00e7a na imuniza\u00e7\u00e3o contra a Covid-19, nesta quinta-feira, dia 23 de fevereiro. As crian\u00e7as a partir de 6 meses de idade que completaram o per\u00edodo m\u00ednimo para sua terceira dose j\u00e1 poder\u00e3o receber o imunobiol\u00f3gico. &#8220;Estaremos aplicando a vacina nos postos de sa\u00fade da capital, conforme a programa\u00e7\u00e3o di\u00e1ria divulgada no portal da Prefeitura&#8221;, disse o prefeito Jos\u00e9 Sarto. A terceira dose das crian\u00e7as que receberam a vacina da marca Pfizer Baby deve ocorrer oito&hellip;<\/p>\n","protected":false},"author":1,"featured_media":28449,"comment_status":"open","ping_status":"open","sticky":false,"template":"","format":"standard","meta":{"footnotes":""},"categories":[1],"tags":[],"class_list":["post-28448","post","type-post","status-publish","format-standard","has-post-thumbnail","hentry","category-noticias"],"_links":{"self":[{"href":"https:\/\/blogdorogeriogomes.com.br\/noticias\/wp-json\/wp\/v2\/posts\/28448","targetHints":{"allow":["GET"]}}],"collection":[{"href":"https:\/\/blogdorogeriogomes.com.br\/noticias\/wp-json\/wp\/v2\/posts"}],"about":[{"href":"https:\/\/blogdorogeriogomes.com.br\/noticias\/wp-json\/wp\/v2\/types\/post"}],"author":[{"embeddable":true,"href":"https:\/\/blogdorogeriogomes.com.br\/noticias\/wp-json\/wp\/v2\/users\/1"}],"replies":[{"embeddable":true,"href":"https:\/\/blogdorogeriogomes.com.br\/noticias\/wp-json\/wp\/v2\/comments?post=28448"}],"version-history":[{"count":1,"href":"https:\/\/blogdorogeriogomes.com.br\/noticias\/wp-json\/wp\/v2\/posts\/28448\/revisions"}],"predecessor-version":[{"id":28450,"href":"https:\/\/blogdorogeriogomes.com.br\/noticias\/wp-json\/wp\/v2\/posts\/28448\/revisions\/28450"}],"wp:featuredmedia":[{"embeddable":true,"href":"https:\/\/blogdorogeriogomes.com.br\/noticias\/wp-json\/wp\/v2\/media\/28449"}],"wp:attachment":[{"href":"https:\/\/blogdorogeriogomes.com.br\/noticias\/wp-json\/wp\/v2\/media?parent=28448"}],"wp:term":[{"taxonomy":"category","embeddable":true,"href":"https:\/\/blogdorogeriogomes.com.br\/noticias\/wp-json\/wp\/v2\/categories?post=28448"},{"taxonomy":"post_tag","embeddable":true,"href":"https:\/\/blogdorogeriogomes.com.br\/noticias\/wp-json\/wp\/v2\/tags?post=28448"}],"curies":[{"name":"wp","href":"https:\/\/api.w.org\/{rel}","templated":true}]}}