{"id":28451,"date":"2023-02-23T10:40:27","date_gmt":"2023-02-23T10:40:27","guid":{"rendered":"https:\/\/blogdorogeriogomes.com.br\/?p=28451"},"modified":"2023-02-23T16:44:15","modified_gmt":"2023-02-23T16:44:15","slug":"chuvas-com-ventania-causam-estragos-em-cidades-do-interior-cearense","status":"publish","type":"post","link":"https:\/\/blogdorogeriogomes.com.br\/noticias\/2023\/02\/chuvas-com-ventania-causam-estragos-em-cidades-do-interior-cearense\/","title":{"rendered":"Chuvas com ventania causam estragos em cidades do interior cearense"},"content":{"rendered":"\n<p>A madrugada desta quinta-feira , dia 23 de fevereiro, foi marcada por fortes chuvas acompanhadas de ventania, que causaram estragos em munic\u00edpios do interior do Cear\u00e1. Em Quixad\u00e1, Quixeramobim, Boa Viagem e Ibicuitinga foram registrados diversos transtornos provocados pelas precipita\u00e7\u00f5es intensas.<\/p>\n\n\n\n<p>Queda de \u00e1rvores, do teto de quadra esportiva e alagamento de ruas foram algumas ocorr\u00eancias comuns nas cidades do Sert\u00e3o Central do Cear\u00e1.<\/p>\n\n\n\n<p>Segundo a Funceme, a perspectiva \u00e9 de continuidade de chuvas intensas ao longo desta quinta-feira. Litoral de Fortaleza, Maci\u00e7o de Baturit\u00e9 e Sert\u00e3o Central e Inhamuns foram as regi\u00f5es do Cear\u00e1 com mais chuvas intensas nesta Quarta-feira de Cinzas.<br><\/p>\n\n\n\n<figure class=\"wp-block-image size-full\"><img loading=\"lazy\" decoding=\"async\" width=\"739\" height=\"415\" src=\"https:\/\/blogdorogeriogomes.com.br\/wp-content\/uploads\/2023\/02\/images-10.jpeg\" alt=\"\" class=\"wp-image-28452\" srcset=\"https:\/\/blogdorogeriogomes.com.br\/noticias\/wp-content\/uploads\/2023\/02\/images-10.jpeg 739w, https:\/\/blogdorogeriogomes.com.br\/noticias\/wp-content\/uploads\/2023\/02\/images-10-300x168.jpeg 300w\" sizes=\"auto, (max-width: 739px) 100vw, 739px\" \/><\/figure>\n","protected":false},"excerpt":{"rendered":"<p>A madrugada desta quinta-feira , dia 23 de fevereiro, foi marcada por fortes chuvas acompanhadas de ventania, que causaram estragos em munic\u00edpios do interior do Cear\u00e1. Em Quixad\u00e1, Quixeramobim, Boa Viagem e Ibicuitinga foram registrados diversos transtornos provocados pelas precipita\u00e7\u00f5es intensas. Queda de \u00e1rvores, do teto de quadra esportiva e alagamento de ruas foram algumas ocorr\u00eancias comuns nas cidades do Sert\u00e3o Central do Cear\u00e1. Segundo a Funceme, a perspectiva \u00e9 de continuidade de chuvas intensas ao longo desta quinta-feira.&hellip;<\/p>\n","protected":false},"author":1,"featured_media":28452,"comment_status":"open","ping_status":"open","sticky":false,"template":"","format":"standard","meta":{"footnotes":""},"categories":[1],"tags":[],"class_list":["post-28451","post","type-post","status-publish","format-standard","has-post-thumbnail","hentry","category-noticias"],"_links":{"self":[{"href":"https:\/\/blogdorogeriogomes.com.br\/noticias\/wp-json\/wp\/v2\/posts\/28451","targetHints":{"allow":["GET"]}}],"collection":[{"href":"https:\/\/blogdorogeriogomes.com.br\/noticias\/wp-json\/wp\/v2\/posts"}],"about":[{"href":"https:\/\/blogdorogeriogomes.com.br\/noticias\/wp-json\/wp\/v2\/types\/post"}],"author":[{"embeddable":true,"href":"https:\/\/blogdorogeriogomes.com.br\/noticias\/wp-json\/wp\/v2\/users\/1"}],"replies":[{"embeddable":true,"href":"https:\/\/blogdorogeriogomes.com.br\/noticias\/wp-json\/wp\/v2\/comments?post=28451"}],"version-history":[{"count":1,"href":"https:\/\/blogdorogeriogomes.com.br\/noticias\/wp-json\/wp\/v2\/posts\/28451\/revisions"}],"predecessor-version":[{"id":28453,"href":"https:\/\/blogdorogeriogomes.com.br\/noticias\/wp-json\/wp\/v2\/posts\/28451\/revisions\/28453"}],"wp:featuredmedia":[{"embeddable":true,"href":"https:\/\/blogdorogeriogomes.com.br\/noticias\/wp-json\/wp\/v2\/media\/28452"}],"wp:attachment":[{"href":"https:\/\/blogdorogeriogomes.com.br\/noticias\/wp-json\/wp\/v2\/media?parent=28451"}],"wp:term":[{"taxonomy":"category","embeddable":true,"href":"https:\/\/blogdorogeriogomes.com.br\/noticias\/wp-json\/wp\/v2\/categories?post=28451"},{"taxonomy":"post_tag","embeddable":true,"href":"https:\/\/blogdorogeriogomes.com.br\/noticias\/wp-json\/wp\/v2\/tags?post=28451"}],"curies":[{"name":"wp","href":"https:\/\/api.w.org\/{rel}","templated":true}]}}