{"id":28458,"date":"2023-02-23T21:10:46","date_gmt":"2023-02-23T21:10:46","guid":{"rendered":"https:\/\/blogdorogeriogomes.com.br\/?p=28458"},"modified":"2023-02-24T16:36:17","modified_gmt":"2023-02-24T16:36:17","slug":"assembleia-legislativa-do-ceara-lanca-pacto-ceara-sem-fome-nesta-sexta-feira","status":"publish","type":"post","link":"https:\/\/blogdorogeriogomes.com.br\/noticias\/2023\/02\/assembleia-legislativa-do-ceara-lanca-pacto-ceara-sem-fome-nesta-sexta-feira\/","title":{"rendered":"Assembleia Legislativa do Cear\u00e1 lan\u00e7a Pacto Cear\u00e1 sem Fome nesta sexta-feira"},"content":{"rendered":"\n<p>A Assembleia Legislativa do Estado do Cear\u00e1 vai lan\u00e7ar, nesta sexta-feira, dia 24 de fevereiro, \u00e0s 14h30min, no Plen\u00e1rio 13 de Maio, a campanha &#8220;Pacto Cear\u00e1 sem Fome&#8221;. O lan\u00e7amento ser\u00e1 durante a sess\u00e3o especial de debate sobre a Campanha da Fraternidade 2023: Fraternidade e Fome realizada pela Confer\u00eancia Nacional dos Bispos (CNBB).<\/p>\n\n\n\n<p>Na ocasi\u00e3o, o presidente da Alece, deputado Evandro Leit\u00e3o, apresentar\u00e1 a s\u00e9rie de a\u00e7\u00f5es de combate \u00e0 fome articuladas pelo Parlamento, para deputados e demais autoridades envolvidas na pol\u00edtica de seguran\u00e7a alimentar do Estado do Cear\u00e1.<\/p>\n\n\n\n<p>&#8220;O Pacto Cear\u00e1 sem Fome surge como iniciativa fundamental para aglutinarmos esfor\u00e7os e garantirmos, o quanto antes, comida no prato de todas as fam\u00edlias cearenses. Isso faz parte do projeto de amplia\u00e7\u00e3o das a\u00e7\u00f5es de responsabilidade social da Assembleia, indo al\u00e9m da rotina dos trabalhos legislativos com mais servi\u00e7os e pactua\u00e7\u00f5es que cumprem o objetivo de prestar aux\u00edlio ao povo que mais precisa. Nos pr\u00f3ximos anos, o combate \u00e0 fome seguir\u00e1 como tema urgente e que ser\u00e1 cada vez mais abra\u00e7ado pelo Parlamento com campanhas e mobiliza\u00e7\u00f5es junto a outros poderes, institui\u00e7\u00f5es e sociedade civil&#8221;, destacou Evandro.<\/p>\n\n\n\n<p>O Pacto Cear\u00e1 sem Fome ser\u00e1 executado pelo Conselho de Altos Estudos e Assuntos Estrat\u00e9gicos, a Escola Superior do Parlamento Cearense (Unipace) e o Comit\u00ea de Responsabilidade Social da Assembleia Legislativa do Cear\u00e1.<\/p>\n\n\n\n<figure class=\"wp-block-image size-full\"><img loading=\"lazy\" decoding=\"async\" width=\"679\" height=\"452\" src=\"https:\/\/blogdorogeriogomes.com.br\/wp-content\/uploads\/2023\/02\/images-2-1.jpeg\" alt=\"\" class=\"wp-image-28459\" srcset=\"https:\/\/blogdorogeriogomes.com.br\/noticias\/wp-content\/uploads\/2023\/02\/images-2-1.jpeg 679w, https:\/\/blogdorogeriogomes.com.br\/noticias\/wp-content\/uploads\/2023\/02\/images-2-1-300x200.jpeg 300w\" sizes=\"auto, (max-width: 679px) 100vw, 679px\" \/><\/figure>\n\n\n\n<p><\/p>\n\n\n\n<p><\/p>\n","protected":false},"excerpt":{"rendered":"<p>A Assembleia Legislativa do Estado do Cear\u00e1 vai lan\u00e7ar, nesta sexta-feira, dia 24 de fevereiro, \u00e0s 14h30min, no Plen\u00e1rio 13 de Maio, a campanha &#8220;Pacto Cear\u00e1 sem Fome&#8221;. O lan\u00e7amento ser\u00e1 durante a sess\u00e3o especial de debate sobre a Campanha da Fraternidade 2023: Fraternidade e Fome realizada pela Confer\u00eancia Nacional dos Bispos (CNBB). Na ocasi\u00e3o, o presidente da Alece, deputado Evandro Leit\u00e3o, apresentar\u00e1 a s\u00e9rie de a\u00e7\u00f5es de combate \u00e0 fome articuladas pelo Parlamento, para deputados e demais autoridades&hellip;<\/p>\n","protected":false},"author":1,"featured_media":28459,"comment_status":"open","ping_status":"open","sticky":false,"template":"","format":"standard","meta":{"footnotes":""},"categories":[1],"tags":[],"class_list":["post-28458","post","type-post","status-publish","format-standard","has-post-thumbnail","hentry","category-noticias"],"_links":{"self":[{"href":"https:\/\/blogdorogeriogomes.com.br\/noticias\/wp-json\/wp\/v2\/posts\/28458","targetHints":{"allow":["GET"]}}],"collection":[{"href":"https:\/\/blogdorogeriogomes.com.br\/noticias\/wp-json\/wp\/v2\/posts"}],"about":[{"href":"https:\/\/blogdorogeriogomes.com.br\/noticias\/wp-json\/wp\/v2\/types\/post"}],"author":[{"embeddable":true,"href":"https:\/\/blogdorogeriogomes.com.br\/noticias\/wp-json\/wp\/v2\/users\/1"}],"replies":[{"embeddable":true,"href":"https:\/\/blogdorogeriogomes.com.br\/noticias\/wp-json\/wp\/v2\/comments?post=28458"}],"version-history":[{"count":1,"href":"https:\/\/blogdorogeriogomes.com.br\/noticias\/wp-json\/wp\/v2\/posts\/28458\/revisions"}],"predecessor-version":[{"id":28460,"href":"https:\/\/blogdorogeriogomes.com.br\/noticias\/wp-json\/wp\/v2\/posts\/28458\/revisions\/28460"}],"wp:featuredmedia":[{"embeddable":true,"href":"https:\/\/blogdorogeriogomes.com.br\/noticias\/wp-json\/wp\/v2\/media\/28459"}],"wp:attachment":[{"href":"https:\/\/blogdorogeriogomes.com.br\/noticias\/wp-json\/wp\/v2\/media?parent=28458"}],"wp:term":[{"taxonomy":"category","embeddable":true,"href":"https:\/\/blogdorogeriogomes.com.br\/noticias\/wp-json\/wp\/v2\/categories?post=28458"},{"taxonomy":"post_tag","embeddable":true,"href":"https:\/\/blogdorogeriogomes.com.br\/noticias\/wp-json\/wp\/v2\/tags?post=28458"}],"curies":[{"name":"wp","href":"https:\/\/api.w.org\/{rel}","templated":true}]}}