{"id":28461,"date":"2023-02-23T22:24:33","date_gmt":"2023-02-23T22:24:33","guid":{"rendered":"https:\/\/blogdorogeriogomes.com.br\/?p=28461"},"modified":"2023-02-24T16:36:06","modified_gmt":"2023-02-24T16:36:06","slug":"camilo-santana-faz-vistoria-de-obras-com-recursos-federais-em-fortaleza-e-barbalha","status":"publish","type":"post","link":"https:\/\/blogdorogeriogomes.com.br\/noticias\/2023\/02\/camilo-santana-faz-vistoria-de-obras-com-recursos-federais-em-fortaleza-e-barbalha\/","title":{"rendered":"Camilo Santana faz vistoria de obras com recursos federais em Fortaleza e Barbalha"},"content":{"rendered":"\n<p>O ministro da Educa\u00e7\u00e3o, Camilo Santana, cumpre agenda no Cear\u00e1 com vistoria de obras com recursos federais em Fortaleza e Barbalha. Nesta quinta-feira, dia 23 de fevereiro, Camilo esteve em visita \u00e0s obras do restaurante universit\u00e1rio do Instituto Federal de Educa\u00e7\u00e3o, Ci\u00eancia e Tecnologia do Cear\u00e1 (IFCE), em Fortaleza. Ele &nbsp;se reuniu com o reitor do IFCE, Wally Menezes, e ouviu demandas de estudantes.<\/p>\n\n\n\n<p>Nesta sexta-feira, dia 24, Camilo Santana estar\u00e1 no Cariri. O ministro far\u00e1 vistoria nas obras do pr\u00e9dio do curso de Medicina na Universidade Federal do Cariri, em Barbalha.<\/p>\n\n\n\n<p>Na passagem pelo Cear\u00e1, Camilo Santana confirmou que em breve o presidente Lula vai anunciar o percentual do reajuste da merenda escolar, que est\u00e1 sem aumento desde 2017. A verba federal ajuda estados e munic\u00edpios a comprarem alimentos para alunos da escola p\u00fablica.<\/p>\n\n\n\n<figure class=\"wp-block-image size-large\"><img loading=\"lazy\" decoding=\"async\" width=\"1024\" height=\"770\" src=\"https:\/\/blogdorogeriogomes.com.br\/wp-content\/uploads\/2023\/02\/IMG-20230223-WA0116-1024x770.jpg\" alt=\"\" class=\"wp-image-28463\" srcset=\"https:\/\/blogdorogeriogomes.com.br\/noticias\/wp-content\/uploads\/2023\/02\/IMG-20230223-WA0116-1024x770.jpg 1024w, https:\/\/blogdorogeriogomes.com.br\/noticias\/wp-content\/uploads\/2023\/02\/IMG-20230223-WA0116-300x226.jpg 300w, https:\/\/blogdorogeriogomes.com.br\/noticias\/wp-content\/uploads\/2023\/02\/IMG-20230223-WA0116-768x577.jpg 768w, https:\/\/blogdorogeriogomes.com.br\/noticias\/wp-content\/uploads\/2023\/02\/IMG-20230223-WA0116-800x601.jpg 800w, https:\/\/blogdorogeriogomes.com.br\/noticias\/wp-content\/uploads\/2023\/02\/IMG-20230223-WA0116-400x300.jpg 400w, https:\/\/blogdorogeriogomes.com.br\/noticias\/wp-content\/uploads\/2023\/02\/IMG-20230223-WA0116.jpg 1080w\" sizes=\"auto, (max-width: 1024px) 100vw, 1024px\" \/><\/figure>\n","protected":false},"excerpt":{"rendered":"<p>O ministro da Educa\u00e7\u00e3o, Camilo Santana, cumpre agenda no Cear\u00e1 com vistoria de obras com recursos federais em Fortaleza e Barbalha. Nesta quinta-feira, dia 23 de fevereiro, Camilo esteve em visita \u00e0s obras do restaurante universit\u00e1rio do Instituto Federal de Educa\u00e7\u00e3o, Ci\u00eancia e Tecnologia do Cear\u00e1 (IFCE), em Fortaleza. Ele &nbsp;se reuniu com o reitor do IFCE, Wally Menezes, e ouviu demandas de estudantes. Nesta sexta-feira, dia 24, Camilo Santana estar\u00e1 no Cariri. O ministro far\u00e1 vistoria nas obras&hellip;<\/p>\n","protected":false},"author":1,"featured_media":28463,"comment_status":"open","ping_status":"open","sticky":false,"template":"","format":"standard","meta":{"footnotes":""},"categories":[1],"tags":[],"class_list":["post-28461","post","type-post","status-publish","format-standard","has-post-thumbnail","hentry","category-noticias"],"_links":{"self":[{"href":"https:\/\/blogdorogeriogomes.com.br\/noticias\/wp-json\/wp\/v2\/posts\/28461","targetHints":{"allow":["GET"]}}],"collection":[{"href":"https:\/\/blogdorogeriogomes.com.br\/noticias\/wp-json\/wp\/v2\/posts"}],"about":[{"href":"https:\/\/blogdorogeriogomes.com.br\/noticias\/wp-json\/wp\/v2\/types\/post"}],"author":[{"embeddable":true,"href":"https:\/\/blogdorogeriogomes.com.br\/noticias\/wp-json\/wp\/v2\/users\/1"}],"replies":[{"embeddable":true,"href":"https:\/\/blogdorogeriogomes.com.br\/noticias\/wp-json\/wp\/v2\/comments?post=28461"}],"version-history":[{"count":2,"href":"https:\/\/blogdorogeriogomes.com.br\/noticias\/wp-json\/wp\/v2\/posts\/28461\/revisions"}],"predecessor-version":[{"id":28480,"href":"https:\/\/blogdorogeriogomes.com.br\/noticias\/wp-json\/wp\/v2\/posts\/28461\/revisions\/28480"}],"wp:featuredmedia":[{"embeddable":true,"href":"https:\/\/blogdorogeriogomes.com.br\/noticias\/wp-json\/wp\/v2\/media\/28463"}],"wp:attachment":[{"href":"https:\/\/blogdorogeriogomes.com.br\/noticias\/wp-json\/wp\/v2\/media?parent=28461"}],"wp:term":[{"taxonomy":"category","embeddable":true,"href":"https:\/\/blogdorogeriogomes.com.br\/noticias\/wp-json\/wp\/v2\/categories?post=28461"},{"taxonomy":"post_tag","embeddable":true,"href":"https:\/\/blogdorogeriogomes.com.br\/noticias\/wp-json\/wp\/v2\/tags?post=28461"}],"curies":[{"name":"wp","href":"https:\/\/api.w.org\/{rel}","templated":true}]}}