{"id":28465,"date":"2023-02-24T11:25:09","date_gmt":"2023-02-24T11:25:09","guid":{"rendered":"https:\/\/blogdorogeriogomes.com.br\/?p=28465"},"modified":"2023-02-24T16:35:54","modified_gmt":"2023-02-24T16:35:54","slug":"em-reuniao-do-pdt-cid-gomes-volta-a-defender-que-o-partido-deve-estar-na-base-de-elmano-de-freitas","status":"publish","type":"post","link":"https:\/\/blogdorogeriogomes.com.br\/noticias\/2023\/02\/em-reuniao-do-pdt-cid-gomes-volta-a-defender-que-o-partido-deve-estar-na-base-de-elmano-de-freitas\/","title":{"rendered":"Em reuni\u00e3o do PDT, Cid Gomes volta a defender que o partido deve estar na base de Elmano de Freitas"},"content":{"rendered":"\n<p>A dire\u00e7\u00e3o estadual do PDT voltou a se reunir nesta quinta-feira, dia 23 de fevereiro. E na pauta, qual ser\u00e1 o rumo do partido diante do Governo Elmano de Freitas. O senador Cid Gomes \u00e9 defensor que o PDT volte a compor a base do governador Elmano de Freitas (PT). <\/p>\n\n\n\n<p>&#8220;Est\u00e1 na hora de virar a p\u00e1gina. O partido perdeu. A estrat\u00e9gia foi claramente, as urnas mostraram isso, equivocada, mas infelizmente algumas pessoas n\u00e3o admitem o erro e querem continuar alimentando uma diverg\u00eancia que n\u00e3o \u00e9 caracter\u00edstica do PDT&#8221;, disse Cid Gomes.<\/p>\n\n\n\n<p>O ex-prefeito de Fortaleza, Roberto Cl\u00e1udio (PDT), que saiu derrotado nas urnas para o Governo do Estado defende uma &#8220;oposi\u00e7\u00e3o qualificada&#8221; a Elmano de Freitas.  Na \u00e9poca da conven\u00e7\u00e3o do PDT, Cid Gomes defendeu que a alian\u00e7a com o PT deveria ter sido mantida com Izolda Cela sendo a candidata ao Governo. &#8220;Eu me impus um sacrif\u00edcio no processo eleitoral, em fun\u00e7\u00e3o das decis\u00f5es que foram tomadas e, enfim, fiquei calado o tempo todo. E tamb\u00e9m manifestando o meu desejo que passada a elei\u00e7\u00e3o, a gente pudesse recompor&#8221;, ressaltou o senador pedetista.<\/p>\n\n\n\n<p>Hoje, na Assembleia Legislativa, apenas tr\u00eas dos 13 pedetistas fazem oposi\u00e7\u00e3o. E h\u00e1 tr\u00eas integrantes do partido no secretariado estadual de Elmano, al\u00e9m de ter o l\u00edder do governo, Romeu Aldigueri. Os tr\u00eas deputados estaduais que t\u00eam votado contra o Governo s\u00e3o ligados ao grupo de Roberto Cl\u00e1udio: Queiroz Filho, Cl\u00e1udio Pinho e Ant\u00f4nio Henrique.<\/p>\n\n\n\n<figure class=\"wp-block-image size-full\"><img loading=\"lazy\" decoding=\"async\" width=\"645\" height=\"476\" src=\"https:\/\/blogdorogeriogomes.com.br\/wp-content\/uploads\/2023\/02\/images-3-1.jpeg\" alt=\"\" class=\"wp-image-28466\" srcset=\"https:\/\/blogdorogeriogomes.com.br\/noticias\/wp-content\/uploads\/2023\/02\/images-3-1.jpeg 645w, https:\/\/blogdorogeriogomes.com.br\/noticias\/wp-content\/uploads\/2023\/02\/images-3-1-300x221.jpeg 300w\" sizes=\"auto, (max-width: 645px) 100vw, 645px\" \/><\/figure>\n","protected":false},"excerpt":{"rendered":"<p>A dire\u00e7\u00e3o estadual do PDT voltou a se reunir nesta quinta-feira, dia 23 de fevereiro. E na pauta, qual ser\u00e1 o rumo do partido diante do Governo Elmano de Freitas. O senador Cid Gomes \u00e9 defensor que o PDT volte a compor a base do governador Elmano de Freitas (PT). &#8220;Est\u00e1 na hora de virar a p\u00e1gina. O partido perdeu. A estrat\u00e9gia foi claramente, as urnas mostraram isso, equivocada, mas infelizmente algumas pessoas n\u00e3o admitem o erro e querem&hellip;<\/p>\n","protected":false},"author":1,"featured_media":28466,"comment_status":"open","ping_status":"open","sticky":false,"template":"","format":"standard","meta":{"footnotes":""},"categories":[1],"tags":[],"class_list":["post-28465","post","type-post","status-publish","format-standard","has-post-thumbnail","hentry","category-noticias"],"_links":{"self":[{"href":"https:\/\/blogdorogeriogomes.com.br\/noticias\/wp-json\/wp\/v2\/posts\/28465","targetHints":{"allow":["GET"]}}],"collection":[{"href":"https:\/\/blogdorogeriogomes.com.br\/noticias\/wp-json\/wp\/v2\/posts"}],"about":[{"href":"https:\/\/blogdorogeriogomes.com.br\/noticias\/wp-json\/wp\/v2\/types\/post"}],"author":[{"embeddable":true,"href":"https:\/\/blogdorogeriogomes.com.br\/noticias\/wp-json\/wp\/v2\/users\/1"}],"replies":[{"embeddable":true,"href":"https:\/\/blogdorogeriogomes.com.br\/noticias\/wp-json\/wp\/v2\/comments?post=28465"}],"version-history":[{"count":1,"href":"https:\/\/blogdorogeriogomes.com.br\/noticias\/wp-json\/wp\/v2\/posts\/28465\/revisions"}],"predecessor-version":[{"id":28467,"href":"https:\/\/blogdorogeriogomes.com.br\/noticias\/wp-json\/wp\/v2\/posts\/28465\/revisions\/28467"}],"wp:featuredmedia":[{"embeddable":true,"href":"https:\/\/blogdorogeriogomes.com.br\/noticias\/wp-json\/wp\/v2\/media\/28466"}],"wp:attachment":[{"href":"https:\/\/blogdorogeriogomes.com.br\/noticias\/wp-json\/wp\/v2\/media?parent=28465"}],"wp:term":[{"taxonomy":"category","embeddable":true,"href":"https:\/\/blogdorogeriogomes.com.br\/noticias\/wp-json\/wp\/v2\/categories?post=28465"},{"taxonomy":"post_tag","embeddable":true,"href":"https:\/\/blogdorogeriogomes.com.br\/noticias\/wp-json\/wp\/v2\/tags?post=28465"}],"curies":[{"name":"wp","href":"https:\/\/api.w.org\/{rel}","templated":true}]}}