{"id":28468,"date":"2023-02-24T11:41:28","date_gmt":"2023-02-24T11:41:28","guid":{"rendered":"https:\/\/blogdorogeriogomes.com.br\/?p=28468"},"modified":"2023-02-24T16:35:42","modified_gmt":"2023-02-24T16:35:42","slug":"prefeitura-de-fortaleza-envia-projeto-de-lei-a-camara-municipal-para-ampliar-numero-de-conselhos-tutelares","status":"publish","type":"post","link":"https:\/\/blogdorogeriogomes.com.br\/noticias\/2023\/02\/prefeitura-de-fortaleza-envia-projeto-de-lei-a-camara-municipal-para-ampliar-numero-de-conselhos-tutelares\/","title":{"rendered":"Prefeitura de Fortaleza envia projeto de lei \u00e0 C\u00e2mara Municipal para ampliar n\u00famero de Conselhos Tutelares"},"content":{"rendered":"\n<p>O prefeito de Fortaleza Jos\u00e9 Sarto enviou, nesta quinta-feira, dia 23 de fevereiro, projeto de lei \u00e0 C\u00e2mara Municipal para a amplia\u00e7\u00e3o do n\u00famero de Conselhos Tutelares na Capital, a partir da cria\u00e7\u00e3o de quatro novos \u00f3rg\u00e3os. Assim, Fortaleza passar\u00e1 de oito para 12 Conselhos Tutelares, permitindo uma atua\u00e7\u00e3o mais ampla, eficaz e de qualidade na prote\u00e7\u00e3o a crian\u00e7as e adolescentes do Munic\u00edpio.<\/p>\n\n\n\n<p>O objetivo da mudan\u00e7a \u00e9 garantir que todas as 12 Regionais de Fortaleza disponham de um Conselho Tutelar, para o efetivo cumprimento dos direitos das crian\u00e7as e dos adolescentes, alinhado ao Conselho Nacional dos Direitos da Crian\u00e7a e do Adolescente (Conanda), \u00f3rg\u00e3o do Sistema de Garantia dos Direitos da Crian\u00e7a e Adolescente previsto no Estatuto da Crian\u00e7a e do Adolescente (ECA). Dois ser\u00e3o instalados ainda neste ano e os outros dois em 2024.&nbsp;<\/p>\n\n\n\n<figure class=\"wp-block-image size-large\"><img loading=\"lazy\" decoding=\"async\" width=\"1024\" height=\"681\" src=\"https:\/\/blogdorogeriogomes.com.br\/wp-content\/uploads\/2023\/02\/20230131144029_IMG_9914-1024x681.jpg\" alt=\"\" class=\"wp-image-28469\" srcset=\"https:\/\/blogdorogeriogomes.com.br\/noticias\/wp-content\/uploads\/2023\/02\/20230131144029_IMG_9914-1024x681.jpg 1024w, https:\/\/blogdorogeriogomes.com.br\/noticias\/wp-content\/uploads\/2023\/02\/20230131144029_IMG_9914-300x200.jpg 300w, https:\/\/blogdorogeriogomes.com.br\/noticias\/wp-content\/uploads\/2023\/02\/20230131144029_IMG_9914-768x511.jpg 768w, https:\/\/blogdorogeriogomes.com.br\/noticias\/wp-content\/uploads\/2023\/02\/20230131144029_IMG_9914-800x532.jpg 800w, https:\/\/blogdorogeriogomes.com.br\/noticias\/wp-content\/uploads\/2023\/02\/20230131144029_IMG_9914.jpg 1200w\" sizes=\"auto, (max-width: 1024px) 100vw, 1024px\" \/><\/figure>\n","protected":false},"excerpt":{"rendered":"<p>O prefeito de Fortaleza Jos\u00e9 Sarto enviou, nesta quinta-feira, dia 23 de fevereiro, projeto de lei \u00e0 C\u00e2mara Municipal para a amplia\u00e7\u00e3o do n\u00famero de Conselhos Tutelares na Capital, a partir da cria\u00e7\u00e3o de quatro novos \u00f3rg\u00e3os. Assim, Fortaleza passar\u00e1 de oito para 12 Conselhos Tutelares, permitindo uma atua\u00e7\u00e3o mais ampla, eficaz e de qualidade na prote\u00e7\u00e3o a crian\u00e7as e adolescentes do Munic\u00edpio. O objetivo da mudan\u00e7a \u00e9 garantir que todas as 12 Regionais de Fortaleza disponham de um&hellip;<\/p>\n","protected":false},"author":1,"featured_media":28469,"comment_status":"open","ping_status":"open","sticky":false,"template":"","format":"standard","meta":{"footnotes":""},"categories":[1],"tags":[],"class_list":["post-28468","post","type-post","status-publish","format-standard","has-post-thumbnail","hentry","category-noticias"],"_links":{"self":[{"href":"https:\/\/blogdorogeriogomes.com.br\/noticias\/wp-json\/wp\/v2\/posts\/28468","targetHints":{"allow":["GET"]}}],"collection":[{"href":"https:\/\/blogdorogeriogomes.com.br\/noticias\/wp-json\/wp\/v2\/posts"}],"about":[{"href":"https:\/\/blogdorogeriogomes.com.br\/noticias\/wp-json\/wp\/v2\/types\/post"}],"author":[{"embeddable":true,"href":"https:\/\/blogdorogeriogomes.com.br\/noticias\/wp-json\/wp\/v2\/users\/1"}],"replies":[{"embeddable":true,"href":"https:\/\/blogdorogeriogomes.com.br\/noticias\/wp-json\/wp\/v2\/comments?post=28468"}],"version-history":[{"count":2,"href":"https:\/\/blogdorogeriogomes.com.br\/noticias\/wp-json\/wp\/v2\/posts\/28468\/revisions"}],"predecessor-version":[{"id":28479,"href":"https:\/\/blogdorogeriogomes.com.br\/noticias\/wp-json\/wp\/v2\/posts\/28468\/revisions\/28479"}],"wp:featuredmedia":[{"embeddable":true,"href":"https:\/\/blogdorogeriogomes.com.br\/noticias\/wp-json\/wp\/v2\/media\/28469"}],"wp:attachment":[{"href":"https:\/\/blogdorogeriogomes.com.br\/noticias\/wp-json\/wp\/v2\/media?parent=28468"}],"wp:term":[{"taxonomy":"category","embeddable":true,"href":"https:\/\/blogdorogeriogomes.com.br\/noticias\/wp-json\/wp\/v2\/categories?post=28468"},{"taxonomy":"post_tag","embeddable":true,"href":"https:\/\/blogdorogeriogomes.com.br\/noticias\/wp-json\/wp\/v2\/tags?post=28468"}],"curies":[{"name":"wp","href":"https:\/\/api.w.org\/{rel}","templated":true}]}}