{"id":28471,"date":"2023-02-24T15:05:05","date_gmt":"2023-02-24T15:05:05","guid":{"rendered":"https:\/\/blogdorogeriogomes.com.br\/?p=28471"},"modified":"2023-02-24T16:35:31","modified_gmt":"2023-02-24T16:35:31","slug":"ceara-inicia-vacinacao-da-bivalente-contra-covid-19-a-partir-de-segunda-feira","status":"publish","type":"post","link":"https:\/\/blogdorogeriogomes.com.br\/noticias\/2023\/02\/ceara-inicia-vacinacao-da-bivalente-contra-covid-19-a-partir-de-segunda-feira\/","title":{"rendered":"Cear\u00e1 inicia vacina\u00e7\u00e3o da bivalente contra Covid-19 a partir de segunda-feira"},"content":{"rendered":"\n<p>A dose de refor\u00e7o da vacina bivalente contra a Covid-19 come\u00e7ar\u00e1 a ser aplicada nesta segunda-feira, dia 27 de fevereiro, em todo o Cear\u00e1. A vacina\u00e7\u00e3o ser\u00e1 iniciada por grupos priorit\u00e1rios formados por idosos com 70 anos ou mais, indiv\u00edduos imunocomprometidos; acolhidos e trabalhadores em institui\u00e7\u00f5es de longa perman\u00eancia; ind\u00edgenas, ribeirinhos e quilombolas. A meta \u00e9 vacinar 90% desse grupo. A vacina bivalente protege tanto contra a variante original do v\u00edrus como contra outras variantes da \u00d4micron. <\/p>\n\n\n\n<p>\u00c9 importante lembrar que para receber o refor\u00e7o bivalente \u00e9 preciso ter completado, pelo menos, o esquema prim\u00e1rio de vacina\u00e7\u00e3o com as doses monovalentes (D1+D2). Os objetivos dessa nova campanha s\u00e3o: garantir o refor\u00e7o da prote\u00e7\u00e3o de grupos priorit\u00e1rios contra a doen\u00e7a e incentivar a conclus\u00e3o do esquema vacinal daqueles que ainda n\u00e3o o finalizaram. &#8220;Vacinar-se n\u00e3o \u00e9 um ato individual, \u00e9 sobretudo pensar no coletivo e impedir a prolifera\u00e7\u00e3o do v\u00edrus&#8221;, disse o governador Elmano de Freitas (PT).<\/p>\n\n\n\n<p>Em Fortaleza, o prefeito Jos\u00e9 Sarto tamb\u00e9m confirmou o in\u00edcio da aplica\u00e7\u00e3o da vacina bivalente, que tamb\u00e9m garante a prote\u00e7\u00e3o contra a variante \u00d4micron, a partir da segunda-feira, dia 27.<\/p>\n\n\n\n<p>Os postos de sa\u00fade da Capital ofertar\u00e3o o imunizante para estes p\u00fablicos de segunda a sexta-feira, das 7h30min \u00e0s 18h30min.<\/p>\n\n\n\n<p>Alem disso, fortalezenses acima de 12 anos que vivem em institui\u00e7\u00f5es de longa perman\u00eancia receber\u00e3o o imunobiol\u00f3gico no pr\u00f3prio local, assim como os trabalhadores destes estabelecimentos.<\/p>\n\n\n\n<p>&#8220;Um alerta importante \u00e9 que a vacina bivalente n\u00e3o substitui o esquema prim\u00e1rio de vacina\u00e7\u00e3o. Aqueles que n\u00e3o tiverem recebido a primeira ou segunda dose da vacina contra a covid-19 devem primeiramente completar o esquema vacinal antes de receber a bivalente&#8221;, destacou Jos\u00e9 Sarto.<\/p>\n\n\n\n<figure class=\"wp-block-image size-large\"><img loading=\"lazy\" decoding=\"async\" width=\"1024\" height=\"833\" src=\"https:\/\/blogdorogeriogomes.com.br\/wp-content\/uploads\/2023\/02\/IMG-20230224-WA0053-1024x833.jpg\" alt=\"\" class=\"wp-image-28472\" srcset=\"https:\/\/blogdorogeriogomes.com.br\/noticias\/wp-content\/uploads\/2023\/02\/IMG-20230224-WA0053-1024x833.jpg 1024w, https:\/\/blogdorogeriogomes.com.br\/noticias\/wp-content\/uploads\/2023\/02\/IMG-20230224-WA0053-300x244.jpg 300w, https:\/\/blogdorogeriogomes.com.br\/noticias\/wp-content\/uploads\/2023\/02\/IMG-20230224-WA0053-768x625.jpg 768w, https:\/\/blogdorogeriogomes.com.br\/noticias\/wp-content\/uploads\/2023\/02\/IMG-20230224-WA0053-800x651.jpg 800w, https:\/\/blogdorogeriogomes.com.br\/noticias\/wp-content\/uploads\/2023\/02\/IMG-20230224-WA0053.jpg 1080w\" sizes=\"auto, (max-width: 1024px) 100vw, 1024px\" \/><\/figure>\n","protected":false},"excerpt":{"rendered":"<p>A dose de refor\u00e7o da vacina bivalente contra a Covid-19 come\u00e7ar\u00e1 a ser aplicada nesta segunda-feira, dia 27 de fevereiro, em todo o Cear\u00e1. A vacina\u00e7\u00e3o ser\u00e1 iniciada por grupos priorit\u00e1rios formados por idosos com 70 anos ou mais, indiv\u00edduos imunocomprometidos; acolhidos e trabalhadores em institui\u00e7\u00f5es de longa perman\u00eancia; ind\u00edgenas, ribeirinhos e quilombolas. A meta \u00e9 vacinar 90% desse grupo. A vacina bivalente protege tanto contra a variante original do v\u00edrus como contra outras variantes da \u00d4micron. \u00c9 importante&hellip;<\/p>\n","protected":false},"author":1,"featured_media":28472,"comment_status":"open","ping_status":"open","sticky":false,"template":"","format":"standard","meta":{"footnotes":""},"categories":[1],"tags":[],"class_list":["post-28471","post","type-post","status-publish","format-standard","has-post-thumbnail","hentry","category-noticias"],"_links":{"self":[{"href":"https:\/\/blogdorogeriogomes.com.br\/noticias\/wp-json\/wp\/v2\/posts\/28471","targetHints":{"allow":["GET"]}}],"collection":[{"href":"https:\/\/blogdorogeriogomes.com.br\/noticias\/wp-json\/wp\/v2\/posts"}],"about":[{"href":"https:\/\/blogdorogeriogomes.com.br\/noticias\/wp-json\/wp\/v2\/types\/post"}],"author":[{"embeddable":true,"href":"https:\/\/blogdorogeriogomes.com.br\/noticias\/wp-json\/wp\/v2\/users\/1"}],"replies":[{"embeddable":true,"href":"https:\/\/blogdorogeriogomes.com.br\/noticias\/wp-json\/wp\/v2\/comments?post=28471"}],"version-history":[{"count":1,"href":"https:\/\/blogdorogeriogomes.com.br\/noticias\/wp-json\/wp\/v2\/posts\/28471\/revisions"}],"predecessor-version":[{"id":28473,"href":"https:\/\/blogdorogeriogomes.com.br\/noticias\/wp-json\/wp\/v2\/posts\/28471\/revisions\/28473"}],"wp:featuredmedia":[{"embeddable":true,"href":"https:\/\/blogdorogeriogomes.com.br\/noticias\/wp-json\/wp\/v2\/media\/28472"}],"wp:attachment":[{"href":"https:\/\/blogdorogeriogomes.com.br\/noticias\/wp-json\/wp\/v2\/media?parent=28471"}],"wp:term":[{"taxonomy":"category","embeddable":true,"href":"https:\/\/blogdorogeriogomes.com.br\/noticias\/wp-json\/wp\/v2\/categories?post=28471"},{"taxonomy":"post_tag","embeddable":true,"href":"https:\/\/blogdorogeriogomes.com.br\/noticias\/wp-json\/wp\/v2\/tags?post=28471"}],"curies":[{"name":"wp","href":"https:\/\/api.w.org\/{rel}","templated":true}]}}