{"id":28481,"date":"2023-02-24T20:08:09","date_gmt":"2023-02-24T20:08:09","guid":{"rendered":"https:\/\/blogdorogeriogomes.com.br\/?p=28481"},"modified":"2023-02-27T12:54:07","modified_gmt":"2023-02-27T12:54:07","slug":"assembleia-legislativa-entra-na-campanha-para-combater-a-fome-no-ceara","status":"publish","type":"post","link":"https:\/\/blogdorogeriogomes.com.br\/noticias\/2023\/02\/assembleia-legislativa-entra-na-campanha-para-combater-a-fome-no-ceara\/","title":{"rendered":"Assembleia Legislativa entra na campanha para combater a fome no Cear\u00e1\u00a0"},"content":{"rendered":"\n<p>A Assembleia Legislativa do Cear\u00e1 lan\u00e7ou, nesta sexta-feira, dia 24 de fevereiro, o Pacto Cear\u00e1 sem Fome em sess\u00e3o especial da Campanha da Fraternidade 2023, que tem como tema Fraternidade e Fome realizada pela Confer\u00eancia Nacional dos Bispos, a CNBB. Durante o evento, a Assembleia anunciou uma s\u00e9rie de a\u00e7\u00f5es de combate \u00e0 fome articuladas pelo Parlamento, em conjunto com o Governo do Estado que vai desencadear o projeto Cear\u00e1 Sem Fome. A iniciativa visa colocar em pr\u00e1tica uma pol\u00edtica de seguran\u00e7a alimentar do Estado do Cear\u00e1. &#8220;Ser\u00e3o distribu\u00eddos kits de cozinha industrial em v\u00e1rias regi\u00f5es do Estado&#8221;, destacou Luiza Martins, diretora do Conselho de Altos Estudos e Assuntos Estrat\u00e9gicos da Alece.<\/p>\n\n\n\n<p>Depois de aprovado na Assembleia Legislativa, o governador Elmano de Freitas sancionou o projeto Cear\u00e1 Sem Fome, que pretende adotar medidas em todo o Estado de combate a inseguran\u00e7a alimentar. De acordo com o presidente da Assembleia Legislativa, Evandro Leit\u00e3o, em parceria com o Estado e iniciativa privada, o Pacto Cear\u00e1 sem Fome surge como iniciativa fundamental para garantir comida no prato de todas as fam\u00edlias cearenses.&nbsp;&#8220;Ser\u00e1 uma a\u00e7\u00e3o conjunta com o que ser\u00e1 desenvolvido pelo Governo do Cear\u00e1 e tamb\u00e9m o Governo Federal, em campanha desencadeada pelo presidente Lula&#8221;, ressaltou Evandro Leit\u00e3o, presidente da Assembleia Legislativa do Cear\u00e1.<\/p>\n\n\n\n<figure class=\"wp-block-image size-large\"><img loading=\"lazy\" decoding=\"async\" width=\"1024\" height=\"768\" src=\"https:\/\/blogdorogeriogomes.com.br\/wp-content\/uploads\/2023\/02\/IMG_20230224_160729675-1024x768.jpg\" alt=\"\" class=\"wp-image-28482\" srcset=\"https:\/\/blogdorogeriogomes.com.br\/noticias\/wp-content\/uploads\/2023\/02\/IMG_20230224_160729675-1024x768.jpg 1024w, https:\/\/blogdorogeriogomes.com.br\/noticias\/wp-content\/uploads\/2023\/02\/IMG_20230224_160729675-300x225.jpg 300w, https:\/\/blogdorogeriogomes.com.br\/noticias\/wp-content\/uploads\/2023\/02\/IMG_20230224_160729675-768x576.jpg 768w, https:\/\/blogdorogeriogomes.com.br\/noticias\/wp-content\/uploads\/2023\/02\/IMG_20230224_160729675-1536x1152.jpg 1536w, https:\/\/blogdorogeriogomes.com.br\/noticias\/wp-content\/uploads\/2023\/02\/IMG_20230224_160729675-2048x1536.jpg 2048w, https:\/\/blogdorogeriogomes.com.br\/noticias\/wp-content\/uploads\/2023\/02\/IMG_20230224_160729675-800x600.jpg 800w, https:\/\/blogdorogeriogomes.com.br\/noticias\/wp-content\/uploads\/2023\/02\/IMG_20230224_160729675-400x300.jpg 400w\" sizes=\"auto, (max-width: 1024px) 100vw, 1024px\" \/><\/figure>\n","protected":false},"excerpt":{"rendered":"<p>A Assembleia Legislativa do Cear\u00e1 lan\u00e7ou, nesta sexta-feira, dia 24 de fevereiro, o Pacto Cear\u00e1 sem Fome em sess\u00e3o especial da Campanha da Fraternidade 2023, que tem como tema Fraternidade e Fome realizada pela Confer\u00eancia Nacional dos Bispos, a CNBB. Durante o evento, a Assembleia anunciou uma s\u00e9rie de a\u00e7\u00f5es de combate \u00e0 fome articuladas pelo Parlamento, em conjunto com o Governo do Estado que vai desencadear o projeto Cear\u00e1 Sem Fome. A iniciativa visa colocar em pr\u00e1tica uma&hellip;<\/p>\n","protected":false},"author":1,"featured_media":28482,"comment_status":"open","ping_status":"open","sticky":false,"template":"","format":"standard","meta":{"footnotes":""},"categories":[1],"tags":[],"class_list":["post-28481","post","type-post","status-publish","format-standard","has-post-thumbnail","hentry","category-noticias"],"_links":{"self":[{"href":"https:\/\/blogdorogeriogomes.com.br\/noticias\/wp-json\/wp\/v2\/posts\/28481","targetHints":{"allow":["GET"]}}],"collection":[{"href":"https:\/\/blogdorogeriogomes.com.br\/noticias\/wp-json\/wp\/v2\/posts"}],"about":[{"href":"https:\/\/blogdorogeriogomes.com.br\/noticias\/wp-json\/wp\/v2\/types\/post"}],"author":[{"embeddable":true,"href":"https:\/\/blogdorogeriogomes.com.br\/noticias\/wp-json\/wp\/v2\/users\/1"}],"replies":[{"embeddable":true,"href":"https:\/\/blogdorogeriogomes.com.br\/noticias\/wp-json\/wp\/v2\/comments?post=28481"}],"version-history":[{"count":2,"href":"https:\/\/blogdorogeriogomes.com.br\/noticias\/wp-json\/wp\/v2\/posts\/28481\/revisions"}],"predecessor-version":[{"id":28498,"href":"https:\/\/blogdorogeriogomes.com.br\/noticias\/wp-json\/wp\/v2\/posts\/28481\/revisions\/28498"}],"wp:featuredmedia":[{"embeddable":true,"href":"https:\/\/blogdorogeriogomes.com.br\/noticias\/wp-json\/wp\/v2\/media\/28482"}],"wp:attachment":[{"href":"https:\/\/blogdorogeriogomes.com.br\/noticias\/wp-json\/wp\/v2\/media?parent=28481"}],"wp:term":[{"taxonomy":"category","embeddable":true,"href":"https:\/\/blogdorogeriogomes.com.br\/noticias\/wp-json\/wp\/v2\/categories?post=28481"},{"taxonomy":"post_tag","embeddable":true,"href":"https:\/\/blogdorogeriogomes.com.br\/noticias\/wp-json\/wp\/v2\/tags?post=28481"}],"curies":[{"name":"wp","href":"https:\/\/api.w.org\/{rel}","templated":true}]}}